{"id":2075,"date":"2011-03-12T10:36:35","date_gmt":"2011-03-12T09:36:35","guid":{"rendered":"http:\/\/www.fenrique.com\/blog\/?p=2075"},"modified":"2011-03-11T11:46:33","modified_gmt":"2011-03-11T10:46:33","slug":"la-cancion-del-finde-92-los-planetas-nacha-pop-ahora-quiero-estar-mejor","status":"publish","type":"post","link":"https:\/\/www.fenrique.com\/blog\/2011\/03\/12\/la-cancion-del-finde-92-los-planetas-nacha-pop-ahora-quiero-estar-mejor\/","title":{"rendered":"La canci\u00f3n del finde 92 | Los Planetas , Nacha Pop &#8211; Ahora quiero estar mejor"},"content":{"rendered":"<p>Me ha saltado esta canci\u00f3n en el Rythmbox y tengo que decir que esta canci\u00f3n, vamos, la original de Nacha Pop (Antonio Vega), no la conoc\u00eda hasta que la versi\u00f3n entr\u00f3, inclu\u00edda en \u00abEl Alpinista de Los Sue\u00f1os\u00bb. Yo suelo escuchar con detenimiento todo lo que hacen Los Planetas (alguno podr\u00e1 decir que para ver si entiendo algo de lo que canta J).<\/p>\n<p>El caso es que tanto la versi\u00f3n, que escuch\u00e9 antes, como la original, me han encantado (reconozco que m\u00e1s la versi\u00f3n). Como no hay video \u00aboficial\u00bb, os pongo este t\u00edpico video de youtube y debajo, la actuaci\u00f3n en el Especial de Nochevieja de TVE en 1981 de Nacha Pop:<\/p>\n<object type=\"application\/x-shockwave-flash\" data=\"http:\/\/www.youtube.com\/v\/dIhReQqJrcI\" width=\"450\" height=\"370\"><param name=\"movie\" value=\"http:\/\/www.youtube.com\/v\/dIhReQqJrcI\" \/><param name=\"autostart\" value=\"true\" \/><param name=\"wmode\" value=\"transparent\" \/><\/object><br \/>\n<!-- generated by WordPress plugin Embedded Video -->\n\n<object type=\"application\/x-shockwave-flash\" data=\"http:\/\/www.youtube.com\/v\/c94eLcTYQf0\" width=\"450\" height=\"370\"><param name=\"movie\" value=\"http:\/\/www.youtube.com\/v\/c94eLcTYQf0\" \/><param name=\"autostart\" value=\"true\" \/><param name=\"wmode\" value=\"transparent\" \/><\/object><br \/>\n<!-- generated by WordPress plugin Embedded Video -->\n\n<p><a href=\"http:\/\/www.letrasmania.com\/letras\/letras_de_canciones_el_alpinista_de_los_sue%C3%B1os_64278_letras_el_alpinista_de_los_sue%C3%B1os_114286_letras_los_planetas_-_quiero_estar_mejor_1099679.html\" target=\"_blank\">La letra<\/a>:<\/p>\n<p>No volver\u00e9 a recorrer el camino<br \/>\nque con el tiempo trac\u00e9 contigo.<br \/>\nY en ese bar donde qued\u00e9 dormido,<br \/>\nno quiero despertarme y encontrarte nunca m\u00e1s.<\/p>\n<p>\u00a1Oh,no! Ahora quiero estar mejor&#8230;<br \/>\n\u00a1No! Ahora quiero estar mejor.<\/p>\n<p>Recordar\u00e1s el tiempo que ha pasado,<br \/>\ny me ver\u00e1s al ver que has ganado<br \/>\nen tu novela y en tus personajes<br \/>\nno quiero que mi nombre aparezca nunca m\u00e1s.<\/p>\n<p>\u00a1Oh,no! Ahora quiero estar mejor&#8230;<br \/>\n\u00a1No! Ahora quiero estar mejor.<\/p>\n<p>Cuando te tengo que tocar<br \/>\nlo hago con manos de metal, cuando te tengo que mirar<br \/>\nlo hago con ojos de cristal.<\/p>\n<p>Cuando amanezca en tu portal<br \/>\ny la mirada vuelva atr\u00e1s<br \/>\nalgunos ruidos asustar\u00e1n<br \/>\ny no habr\u00e1 nadie a quien culpar.<\/p>\n<p>Por un instante me sent\u00ed perdido<br \/>\ncuando de vuelta sin sentido<br \/>\nen un reloj sonaban ya las doce.<br \/>\nTemo recordarte o encontrarte una vez m\u00e1s&#8230;<\/p>\n<p>\u00a1Oh,no! Ahora quiero estar mejor&#8230;<br \/>\n\u00a1No! Ahora quiero estar mejor.<br \/>\nAhora quiero estar mejor.<br \/>\nAhora quiero estar mejor.<\/p>\n","protected":false},"excerpt":{"rendered":"<p>Me ha saltado esta canci\u00f3n en el Rythmbox y tengo que decir que esta canci\u00f3n, vamos, la original de Nacha Pop (Antonio Vega), no la conoc\u00eda hasta que la versi\u00f3n <a href=\"https:\/\/www.fenrique.com\/blog\/2011\/03\/12\/la-cancion-del-finde-92-los-planetas-nacha-pop-ahora-quiero-estar-mejor\/\" class=\"more-link\">[&hellip;]<\/a><\/p>\n","protected":false},"author":2,"featured_media":0,"comment_status":"open","ping_status":"open","sticky":false,"template":"","format":"standard","meta":{"_exactmetrics_skip_tracking":false,"_exactmetrics_sitenote_active":false,"_exactmetrics_sitenote_note":"","_exactmetrics_sitenote_category":0,"Layout":"","jetpack_post_was_ever_published":false,"_jetpack_newsletter_access":"","_jetpack_dont_email_post_to_subs":false,"_jetpack_newsletter_tier_id":0,"_jetpack_memberships_contains_paywalled_content":false,"_jetpack_memberships_contains_paid_content":false,"footnotes":"","jetpack_publicize_message":"","jetpack_publicize_feature_enabled":true,"jetpack_social_post_already_shared":false,"jetpack_social_options":{"image_generator_settings":{"template":"highway","default_image_id":0,"font":"","enabled":false},"version":2}},"categories":[7,12],"tags":[1555,2514,59,1046,3595,60,1573,3332,3784,3785],"class_list":["entry","author-fenrique","post-2075","post","type-post","status-publish","format-standard","category-fenrique-piensa-que","category-la-cancion-del-finde","tag-anos-80","tag-antonio-vega","tag-cancion","tag-disco","tag-el-alpinista-de-los-suenos","tag-finde","tag-musica","tag-nacha-pop","tag-planetas","tag-quiero-estar-mejor"],"jetpack_publicize_connections":[],"jetpack_featured_media_url":"","jetpack_shortlink":"https:\/\/wp.me\/p172Ei-xt","jetpack_likes_enabled":true,"jetpack_sharing_enabled":true,"_links":{"self":[{"href":"https:\/\/www.fenrique.com\/blog\/wp-json\/wp\/v2\/posts\/2075","targetHints":{"allow":["GET"]}}],"collection":[{"href":"https:\/\/www.fenrique.com\/blog\/wp-json\/wp\/v2\/posts"}],"about":[{"href":"https:\/\/www.fenrique.com\/blog\/wp-json\/wp\/v2\/types\/post"}],"author":[{"embeddable":true,"href":"https:\/\/www.fenrique.com\/blog\/wp-json\/wp\/v2\/users\/2"}],"replies":[{"embeddable":true,"href":"https:\/\/www.fenrique.com\/blog\/wp-json\/wp\/v2\/comments?post=2075"}],"version-history":[{"count":2,"href":"https:\/\/www.fenrique.com\/blog\/wp-json\/wp\/v2\/posts\/2075\/revisions"}],"predecessor-version":[{"id":2077,"href":"https:\/\/www.fenrique.com\/blog\/wp-json\/wp\/v2\/posts\/2075\/revisions\/2077"}],"wp:attachment":[{"href":"https:\/\/www.fenrique.com\/blog\/wp-json\/wp\/v2\/media?parent=2075"}],"wp:term":[{"taxonomy":"category","embeddable":true,"href":"https:\/\/www.fenrique.com\/blog\/wp-json\/wp\/v2\/categories?post=2075"},{"taxonomy":"post_tag","embeddable":true,"href":"https:\/\/www.fenrique.com\/blog\/wp-json\/wp\/v2\/tags?post=2075"}],"curies":[{"name":"wp","href":"https:\/\/api.w.org\/{rel}","templated":true}]}}