{"id":203,"date":"2008-03-05T19:04:52","date_gmt":"2008-03-05T18:04:52","guid":{"rendered":"http:\/\/www.fenrique.com\/blog\/archives\/203"},"modified":"2008-03-05T18:15:07","modified_gmt":"2008-03-05T17:15:07","slug":"gente-trabajadora-%c2%bfa-quien-vas-a-votar","status":"publish","type":"post","link":"https:\/\/www.fenrique.com\/blog\/2008\/03\/05\/gente-trabajadora-%c2%bfa-quien-vas-a-votar\/","title":{"rendered":"Gente trabajadora \u00bfA qui\u00e9n vas a votar?"},"content":{"rendered":"<p><a href=\"http:\/\/www.elmundo.es\/papel\/2004\/03\/15\/espana\/1607251.html\" target=\"_blank\">El Mundo, 14 de marzo de 2004<\/a> (noche electoral):<\/p>\n<blockquote><p>(&#8230;)Eso s\u00ed, mantuvo su compromiso de que hoy, sin perder m\u00e1s tiempo, reunir\u00e1 a todas las fuerzas pol\u00edticas para abordar la tragedia terrorista que sufre este pa\u00eds. Zapatero es consciente de que es su primer y principal reto pol\u00edtico, por lo que tendi\u00f3 inmediatamente la mano a su adversario, Mariano Rajoy, de quien dijo que hab\u00eda sido \u00abun digno rival\u00bb.<\/p>\n<p>Rodr\u00edguez Zapatero plante\u00f3, aunque fuese la noche del triunfo electoral, abordar con el primer partido de la oposici\u00f3n y el resto de fuerzas pol\u00edticas la nueva amenaza terrorista que azota a este pa\u00eds, y asegur\u00f3 que su l\u00ednea de actuaci\u00f3n ser\u00e1 el consenso, la unidad y la fortaleza.<\/p>\n<p>Imbuido de esta responsabilidad, que casi no le dej\u00f3 celebrar el triunfo, Zapatero ya se comport\u00f3 como hombre de Estado. Agradeci\u00f3 la participaci\u00f3n electoral de todos los espa\u00f1oles, asegur\u00f3 que el cambio de talante empezaba la misma noche electoral y acab\u00f3 dando las gracias a todos sus votantes.(&#8230;)<\/p><\/blockquote>\n<p>Cadena Ser, 5 de marzo de 2008 ( plena campa\u00f1a electoral):<\/p>\n<blockquote><p>\n\u00abCreo que el 10-M estar\u00e9 en el partido celebrando la victoria\u00bb<\/p>\n<p><iframe height=\"50\" src=\"http:\/\/www.cadenaser.com\/player_mini.html?xref=20080305csrcsr_12.Aes\" frameborder=0 name=\"20080305csrcsr_12\"><\/iframe> <\/p><\/blockquote>\n<p>\u00bfSer\u00e1 por ganas de  trabajar y humildad?  (o no)<\/p>\n","protected":false},"excerpt":{"rendered":"<p>El Mundo, 14 de marzo de 2004 (noche electoral): (&#8230;)Eso s\u00ed, mantuvo su compromiso de que hoy, sin perder m\u00e1s tiempo, reunir\u00e1 a todas las fuerzas pol\u00edticas para abordar la <a href=\"https:\/\/www.fenrique.com\/blog\/2008\/03\/05\/gente-trabajadora-%c2%bfa-quien-vas-a-votar\/\" class=\"more-link\">[&hellip;]<\/a><\/p>\n","protected":false},"author":2,"featured_media":0,"comment_status":"open","ping_status":"open","sticky":false,"template":"","format":"standard","meta":{"_exactmetrics_skip_tracking":false,"_exactmetrics_sitenote_active":false,"_exactmetrics_sitenote_note":"","_exactmetrics_sitenote_category":0,"Layout":"","jetpack_post_was_ever_published":false,"_jetpack_newsletter_access":"","_jetpack_dont_email_post_to_subs":false,"_jetpack_newsletter_tier_id":0,"_jetpack_memberships_contains_paywalled_content":false,"_jetpack_memberships_contains_paid_content":false,"footnotes":"","jetpack_publicize_message":"","jetpack_publicize_feature_enabled":true,"jetpack_social_post_already_shared":false,"jetpack_social_options":{"image_generator_settings":{"template":"highway","default_image_id":0,"font":"","enabled":false},"version":2}},"categories":[7,5],"tags":[373,627,628,372,253,567,256],"class_list":["entry","author-fenrique","post-203","post","type-post","status-publish","format-standard","category-fenrique-piensa-que","category-personal-y-transferible","tag-9-de-marzo","tag-cadena-ser","tag-el-mundo","tag-elecciones","tag-pp","tag-psoe","tag-rajoy"],"jetpack_publicize_connections":[],"jetpack_featured_media_url":"","jetpack_shortlink":"https:\/\/wp.me\/p172Ei-3h","jetpack_likes_enabled":true,"jetpack_sharing_enabled":true,"_links":{"self":[{"href":"https:\/\/www.fenrique.com\/blog\/wp-json\/wp\/v2\/posts\/203","targetHints":{"allow":["GET"]}}],"collection":[{"href":"https:\/\/www.fenrique.com\/blog\/wp-json\/wp\/v2\/posts"}],"about":[{"href":"https:\/\/www.fenrique.com\/blog\/wp-json\/wp\/v2\/types\/post"}],"author":[{"embeddable":true,"href":"https:\/\/www.fenrique.com\/blog\/wp-json\/wp\/v2\/users\/2"}],"replies":[{"embeddable":true,"href":"https:\/\/www.fenrique.com\/blog\/wp-json\/wp\/v2\/comments?post=203"}],"version-history":[{"count":0,"href":"https:\/\/www.fenrique.com\/blog\/wp-json\/wp\/v2\/posts\/203\/revisions"}],"wp:attachment":[{"href":"https:\/\/www.fenrique.com\/blog\/wp-json\/wp\/v2\/media?parent=203"}],"wp:term":[{"taxonomy":"category","embeddable":true,"href":"https:\/\/www.fenrique.com\/blog\/wp-json\/wp\/v2\/categories?post=203"},{"taxonomy":"post_tag","embeddable":true,"href":"https:\/\/www.fenrique.com\/blog\/wp-json\/wp\/v2\/tags?post=203"}],"curies":[{"name":"wp","href":"https:\/\/api.w.org\/{rel}","templated":true}]}}