{"id":202,"date":"2008-03-08T08:20:42","date_gmt":"2008-03-08T07:20:42","guid":{"rendered":"http:\/\/www.fenrique.com\/blog\/archives\/202"},"modified":"2008-03-08T07:55:58","modified_gmt":"2008-03-08T06:55:58","slug":"la-cancion-del-finde-10","status":"publish","type":"post","link":"https:\/\/www.fenrique.com\/blog\/2008\/03\/08\/la-cancion-del-finde-10\/","title":{"rendered":"La canci\u00f3n del finde (10)"},"content":{"rendered":"<p>Aunque hoy sea un d\u00eda de luto, NADIE puede hacernos olvidar, ni siquiera los terroristas, que hoy es el d\u00eda Internacional de la Mujer, un d\u00eda en el que se reivindica la igualdad entre hombres y mujeres.<\/p>\n<p>Hay muchas canciones que hablan de este tema, pero hoy m\u00e1s que nunca, quiero poner una canci\u00f3n alegre, con mucha vida.<\/p>\n<p>La canci\u00f3n de este finde es de la extreme\u00f1a de coraz\u00f3n <strong>Bebe<\/strong>, y se titula: \u00ab<strong>Ella<\/strong>\u00ab:<\/p>\n<object type=\"application\/x-shockwave-flash\" data=\"http:\/\/www.youtube.com\/v\/dnmijMGn0QE\" width=\"450\" height=\"370\"><param name=\"movie\" value=\"http:\/\/www.youtube.com\/v\/dnmijMGn0QE\" \/><param name=\"autostart\" value=\"true\" \/><param name=\"wmode\" value=\"transparent\" \/><\/object><br \/>\n<!-- generated by WordPress plugin Embedded Video -->\n\n<p>La letra:Ella se ha cansado, de tirar la toalla<br \/>\nva quitando poco a poco telara\u00f1as<br \/>\nNo ha dormido esta noche, pero no est\u00e1 cansada<br \/>\nNo mir\u00f3 ning\u00fan espejo, pero se siente \u00abtoa\u00bb guapa<\/p>\n<p>Hoy, ella se ha puesto color en las pesta\u00f1as<br \/>\nHoy le gusta su sonrisa, no se siente una extra\u00f1a<br \/>\nHoy sue\u00f1a lo que quiere sin preocuparse por nada<br \/>\nHoy es una mujer que se da cuenta de su alma<\/p>\n<p>Hoy vas a descubrir que el mundo es s\u00f3lo para t\u00ed<br \/>\nque nadie puede hacerte da\u00f1o, nadie puede hacerte da\u00f1o<br \/>\nHoy vas a comprender que el miedo se puede romper con un<br \/>\ns\u00f3lo portazo<br \/>\nHoy vas a hacer reir porque tus ojos de han cansado de ser llanto, de<br \/>\nser llanto<br \/>\nHoy vas a conseguir reirte hasta de t\u00ed y ver que lo has logrado<\/p>\n<p>Hoy vas a ser la mujer que te de la gana de ser<br \/>\nHoy te vas a querer como nadie te ha sabido querer<br \/>\nHoy vas a mirar pa\u00b4lante que pa\u00b4 atr\u00e1s ya te doli\u00f3 bastante<br \/>\nUna mujer valiente, una mujer sonriente mira como pasa<\/p>\n<p>Hoy no has sido la mujer perfecta que esperaba na roto sin pudores<br \/>\nlas reglas marcadas<br \/>\nHoy has calzado tacones para hacer sonar sus pasos<br \/>\nHoy sabe que su vida nunca m\u00e1s ser\u00e1 un fracaso<\/p>\n<p>Hoy vas a descubrir que el mundo es s\u00f3lo para t\u00ed<br \/>\nque nadie puede hacerte da\u00f1o, nadie puede hacerte da\u00f1o<br \/>\nHoy vas a conquistar el cielo sin mirar lo alto que queda del suelo<br \/>\nHoy vas a ser feliz aunque el invierno sea fr\u00edo y sea largo, y sea largo<br \/>\nHoy vas a conseguir reirte hasta de t\u00ed y ver que lo has logrado<\/p>\n<p>Hoy vas a descubrir que el mundo es s\u00f3lo para t\u00ed<br \/>\nque nadie puede hacerte da\u00f1o, nadie puede hacerte da\u00f1o<br \/>\nHoy vas a dcomprender que el miedo se puede romper con un s\u00f3lo<br \/>\nportazo<br \/>\nHoy vas a hacer reir porque tus ojos se han cansado de ser llanto, de<br \/>\nser llanto<br \/>\nHoy vas a conseguir reirte hasta de t\u00ed y ver que lo has logrado<\/p>\n<p>Letra gracias a <a href=\"http:\/\/www.letrascanciones.org\/bebe\/pa-fuera-telaranas\/ella.php\" target=\"_blank\">letrasdecanciones.org\u00a0<\/a><\/p>\n<p><img loading=\"lazy\" decoding=\"async\" src=\"http:\/\/www.emitelevisa.com\/gxcon\/image\/source0000009962\/IMA0000110000002545.gif\" alt=\"bebe - pafuera telara\u00f1as\" style=\"width: 300px; height: 300px\" height=\"300\" width=\"300\" \/><\/p>\n","protected":false},"excerpt":{"rendered":"<p>Aunque hoy sea un d\u00eda de luto, NADIE puede hacernos olvidar, ni siquiera los terroristas, que hoy es el d\u00eda Internacional de la Mujer, un d\u00eda en el que se <a href=\"https:\/\/www.fenrique.com\/blog\/2008\/03\/08\/la-cancion-del-finde-10\/\" class=\"more-link\">[&hellip;]<\/a><\/p>\n","protected":false},"author":2,"featured_media":0,"comment_status":"open","ping_status":"open","sticky":false,"template":"","format":"standard","meta":{"_exactmetrics_skip_tracking":false,"_exactmetrics_sitenote_active":false,"_exactmetrics_sitenote_note":"","_exactmetrics_sitenote_category":0,"Layout":"","jetpack_post_was_ever_published":false,"_jetpack_newsletter_access":"","_jetpack_dont_email_post_to_subs":false,"_jetpack_newsletter_tier_id":0,"_jetpack_memberships_contains_paywalled_content":false,"_jetpack_memberships_contains_paid_content":false,"footnotes":"","jetpack_publicize_message":"","jetpack_publicize_feature_enabled":true,"jetpack_social_post_already_shared":false,"jetpack_social_options":{"image_generator_settings":{"template":"highway","default_image_id":0,"font":"","enabled":false},"version":2}},"categories":[5],"tags":[624,201,625,623,626],"class_list":["entry","author-fenrique","post-202","post","type-post","status-publish","format-standard","category-personal-y-transferible","tag-8-de-marzo","tag-cancion-del-finde","tag-dia-de-la-mujer","tag-dia-mujer","tag-igualdad"],"jetpack_publicize_connections":[],"jetpack_featured_media_url":"","jetpack_shortlink":"https:\/\/wp.me\/p172Ei-3g","jetpack_likes_enabled":true,"jetpack_sharing_enabled":true,"_links":{"self":[{"href":"https:\/\/www.fenrique.com\/blog\/wp-json\/wp\/v2\/posts\/202","targetHints":{"allow":["GET"]}}],"collection":[{"href":"https:\/\/www.fenrique.com\/blog\/wp-json\/wp\/v2\/posts"}],"about":[{"href":"https:\/\/www.fenrique.com\/blog\/wp-json\/wp\/v2\/types\/post"}],"author":[{"embeddable":true,"href":"https:\/\/www.fenrique.com\/blog\/wp-json\/wp\/v2\/users\/2"}],"replies":[{"embeddable":true,"href":"https:\/\/www.fenrique.com\/blog\/wp-json\/wp\/v2\/comments?post=202"}],"version-history":[{"count":0,"href":"https:\/\/www.fenrique.com\/blog\/wp-json\/wp\/v2\/posts\/202\/revisions"}],"wp:attachment":[{"href":"https:\/\/www.fenrique.com\/blog\/wp-json\/wp\/v2\/media?parent=202"}],"wp:term":[{"taxonomy":"category","embeddable":true,"href":"https:\/\/www.fenrique.com\/blog\/wp-json\/wp\/v2\/categories?post=202"},{"taxonomy":"post_tag","embeddable":true,"href":"https:\/\/www.fenrique.com\/blog\/wp-json\/wp\/v2\/tags?post=202"}],"curies":[{"name":"wp","href":"https:\/\/api.w.org\/{rel}","templated":true}]}}