{"id":1987,"date":"2010-12-31T13:01:34","date_gmt":"2010-12-31T12:01:34","guid":{"rendered":"http:\/\/www.fenrique.com\/blog\/?p=1987"},"modified":"2010-12-31T10:50:52","modified_gmt":"2010-12-31T09:50:52","slug":"calendario-2011-y-feliz-ano-nuevo","status":"publish","type":"post","link":"https:\/\/www.fenrique.com\/blog\/2010\/12\/31\/calendario-2011-y-feliz-ano-nuevo\/","title":{"rendered":"Calendario 2011 (Y Feliz A\u00f1o Nuevo)"},"content":{"rendered":"<p>Aunque reconozco que el <a href=\"http:\/\/www.fenrique.com\/blog\/2009\/12\/31\/feliz-2010\/\" target=\"_blank\">a\u00f1o pasado<\/a> me lo curr\u00e9 un poco m\u00e1s, para esta ocasi\u00f3n hab\u00eda pensado en hacer algo m\u00e1s&#8230; llam\u00e9mosle \u00abpr\u00e1ctico\u00bb, as\u00ed que, en lugar de una ilustraci\u00f3n para felicitar el a\u00f1o, he hecho un calendario para 2011, para que imprimas y lo pongas donde mejor te venga. Adem\u00e1s, al ponerlo en Flickr, se puede descargar en <a href=\"http:\/\/www.flickr.com\/photos\/fenrique\/5309272112\/sizes\/l\/in\/photostream\/\" target=\"_blank\">varios tama\u00f1os<\/a>.<\/p>\n<p>Este a\u00f1o he hecho el camino de Santiago, donde tuve la suerte de poder realizar muchas fotograf\u00edas, y con una de las que m\u00e1s me gustan es con la que hice este calendario. Espero que a vosotros tambi\u00e9n os guste (darle a la imagen para verlo a tama\u00f1o completo):<\/p>\n<p><a href=\"http:\/\/farm6.static.flickr.com\/5089\/5309272112_ca46d570a3_o.png\" target=\"_blank\"><img loading=\"lazy\" decoding=\"async\" class=\"alignnone\" title=\"calendario 2011\" src=\"http:\/\/farm6.static.flickr.com\/5089\/5309272112_014be73933_z.jpg\" alt=\"\" width=\"453\" height=\"640\" \/><\/a><\/p>\n<p>Para realizarlo, la tarea no fue demasiado complicada. Usando el programa de dise\u00f1o vectorial Inkscape, inserto un calendario ya creado, buscado por internet (por ejemplo, en google Im\u00e1genes, con la palabra 2011 calendar) <a href=\"http:\/\/inkscape.org\/doc\/tracing\/tutorial-tracing.es.html\" target=\"_blank\">pasarlo a trayecto<\/a> y poni\u00e9ndolo encima de la foto.<\/p>\n<p>Y para finalizar, que teng\u00e1is muy buen final de a\u00f1o y que el 2011 sea, por lo menos, como vosotros quer\u00e1is que sea.<\/p>\n<p>FELIZ A\u00d1O NUEVO<\/p>\n<blockquote><p><span style=\"color: #666699;\"><em>When I was thirty-five<br \/>\nIt was a very good year<br \/>\nIt was a very good year for blue-blooded girls<br \/>\nOf independent means. <\/em><\/span><\/p><\/blockquote>\n<p>Si no te gusta mucho mi calendario, siempre puedes mirar el <a href=\"http:\/\/www.20minutos.es\/vineta\/calpurnio-el-bueno-de-cuttlas\/2038\/0\/calendario-cuttlas-2011\/\" target=\"_blank\">Calendario de \u00abEl Bueno de Cuttlas\u00bb <\/a>del Gran Calpurnio<\/p>\n","protected":false},"excerpt":{"rendered":"<p>Aunque reconozco que el a\u00f1o pasado me lo curr\u00e9 un poco m\u00e1s, para esta ocasi\u00f3n hab\u00eda pensado en hacer algo m\u00e1s&#8230; llam\u00e9mosle \u00abpr\u00e1ctico\u00bb, as\u00ed que, en lugar de una ilustraci\u00f3n <a href=\"https:\/\/www.fenrique.com\/blog\/2010\/12\/31\/calendario-2011-y-feliz-ano-nuevo\/\" class=\"more-link\">[&hellip;]<\/a><\/p>\n","protected":false},"author":2,"featured_media":0,"comment_status":"open","ping_status":"open","sticky":false,"template":"","format":"standard","meta":{"_exactmetrics_skip_tracking":false,"_exactmetrics_sitenote_active":false,"_exactmetrics_sitenote_note":"","_exactmetrics_sitenote_category":0,"Layout":"","jetpack_post_was_ever_published":false,"_jetpack_newsletter_access":"","_jetpack_dont_email_post_to_subs":false,"_jetpack_newsletter_tier_id":0,"_jetpack_memberships_contains_paywalled_content":false,"_jetpack_memberships_contains_paid_content":false,"footnotes":"","jetpack_publicize_message":"","jetpack_publicize_feature_enabled":true,"jetpack_social_post_already_shared":false,"jetpack_social_options":{"image_generator_settings":{"template":"highway","default_image_id":0,"font":"","enabled":false},"version":2}},"categories":[3,5],"tags":[3691,2156,2234,3694,3692,1810,3329,3378,2157,3693],"class_list":["entry","author-fenrique","post-1987","post","type-post","status-publish","format-standard","category-expofoto","category-personal-y-transferible","tag-3691","tag-ano","tag-calendario","tag-camino-santiago","tag-feliz","tag-ilustracion","tag-imagen","tag-inkscape","tag-nuevo","tag-vector"],"jetpack_publicize_connections":[],"jetpack_featured_media_url":"","jetpack_shortlink":"https:\/\/wp.me\/p172Ei-w3","jetpack_likes_enabled":true,"jetpack_sharing_enabled":true,"_links":{"self":[{"href":"https:\/\/www.fenrique.com\/blog\/wp-json\/wp\/v2\/posts\/1987","targetHints":{"allow":["GET"]}}],"collection":[{"href":"https:\/\/www.fenrique.com\/blog\/wp-json\/wp\/v2\/posts"}],"about":[{"href":"https:\/\/www.fenrique.com\/blog\/wp-json\/wp\/v2\/types\/post"}],"author":[{"embeddable":true,"href":"https:\/\/www.fenrique.com\/blog\/wp-json\/wp\/v2\/users\/2"}],"replies":[{"embeddable":true,"href":"https:\/\/www.fenrique.com\/blog\/wp-json\/wp\/v2\/comments?post=1987"}],"version-history":[{"count":8,"href":"https:\/\/www.fenrique.com\/blog\/wp-json\/wp\/v2\/posts\/1987\/revisions"}],"predecessor-version":[{"id":1995,"href":"https:\/\/www.fenrique.com\/blog\/wp-json\/wp\/v2\/posts\/1987\/revisions\/1995"}],"wp:attachment":[{"href":"https:\/\/www.fenrique.com\/blog\/wp-json\/wp\/v2\/media?parent=1987"}],"wp:term":[{"taxonomy":"category","embeddable":true,"href":"https:\/\/www.fenrique.com\/blog\/wp-json\/wp\/v2\/categories?post=1987"},{"taxonomy":"post_tag","embeddable":true,"href":"https:\/\/www.fenrique.com\/blog\/wp-json\/wp\/v2\/tags?post=1987"}],"curies":[{"name":"wp","href":"https:\/\/api.w.org\/{rel}","templated":true}]}}