{"id":1968,"date":"2010-12-16T14:56:31","date_gmt":"2010-12-16T13:56:31","guid":{"rendered":"http:\/\/www.fenrique.com\/blog\/?p=1968"},"modified":"2010-12-16T17:26:42","modified_gmt":"2010-12-16T16:26:42","slug":"como-hacer-un-perfil-creativo-en-facebook","status":"publish","type":"post","link":"https:\/\/www.fenrique.com\/blog\/2010\/12\/16\/como-hacer-un-perfil-creativo-en-facebook\/","title":{"rendered":"Como hacer un perfil creativo en Facebook"},"content":{"rendered":"<p>La nueva imagen de Facebook muestra las 5 \u00faltimas fotos, en las que se ha sido etiquetado, al visualizar el perfil de cada usuario, algo as\u00ed como esto:<\/p>\n<p><img loading=\"lazy\" decoding=\"async\" class=\"alignnone\" title=\"nuevoperfil\" src=\"http:\/\/4.bp.blogspot.com\/_9f0IJLPinyY\/TP1a72mNUvI\/AAAAAAAABr0\/dkbaE2BUkZo\/s1600\/nuevo_perfil_facebook.jpg\" alt=\"\" width=\"501\" height=\"281\" \/><\/p>\n<p>Esto ha llevado a algunas personas a imaginar otras utilidades a esas 5 fotos, de tal manera que se le da un aspecto m\u00e1s, digamos, creativo o profesional, a modo de collage. Algo as\u00ed como esto:<\/p>\n<p><img loading=\"lazy\" decoding=\"async\" class=\"alignnone\" title=\"perfil creativo\" src=\"http:\/\/4.bp.blogspot.com\/_mmBw3uzPnJI\/TQjvLQjEpaI\/AAAAAAAB0y0\/Nw1yWTt8yTw\/s400\/New_Facebook_Profiles_03.jpg\" alt=\"\" width=\"375\" height=\"400\" \/><\/p>\n<p>o esto:<\/p>\n<p><img loading=\"lazy\" decoding=\"async\" class=\"alignnone\" title=\"nuevo perfil facebook\" src=\"http:\/\/3.bp.blogspot.com\/_mmBw3uzPnJI\/TQjunge-D8I\/AAAAAAAB0w8\/OPGjcgEv5S8\/s1600\/New_Facebook_Profiles_18.jpg\" alt=\"\" width=\"505\" height=\"230\" \/><\/p>\n<p>Conseguir hacer un trabajo as\u00ed, no es nada complicado, y menos si se cuenta con las herramientas necesarias.<\/p>\n<p>Para empezar, hemos que tener en cuenta las dimensiones de cada una de las im\u00e1genes que con tienen el \u00abcollage\u00bb. La foto de perfil tendr\u00eda, como en este caso, unas dimensiones de 180 x 532 pixeles y las peque\u00f1as, ese tama\u00f1o es siempre el mismo, 97 x 68 pixeles (el tama\u00f1o total de las 5 fotos antes de recortar, es de 485 x 68 pixeles).<\/p>\n<p><!--more-->Evidentemente, para realizar los ajustes en las fotograf\u00edas es necesario el uso de alg\u00fan programa de retoque fotogr\u00e1fico, como por ejemplo el GIMP (<a href=\"http:\/\/www.gimp.org.es\/\" target=\"_blank\">descargar<\/a>), que permita el recorte de las fotograf\u00edas y su adaptaci\u00f3n a las medidas mencionadas.<\/p>\n<p>Pero todo ello se hace mucho m\u00e1s sencillo con el empleo de una plantilla PSD, que podemos descargar desde este enlace (<a href=\"http:\/\/cl.ly\/3bHg\" target=\"_blank\">descargar<\/a>), y que puede ser abierto con GIMP, de tal forma que se ver\u00eda as\u00ed:<\/p>\n<p><a rel=\"attachment wp-att-1969\" href=\"http:\/\/www.fenrique.com\/blog\/2010\/12\/16\/como-hacer-un-perfil-creativo-en-facebook\/pantallazo-2\/\"><img loading=\"lazy\" decoding=\"async\" data-attachment-id=\"1969\" data-permalink=\"https:\/\/www.fenrique.com\/blog\/2010\/12\/16\/como-hacer-un-perfil-creativo-en-facebook\/pantallazo-2\/\" data-orig-file=\"https:\/\/www.fenrique.com\/blog\/wp-content\/uploads\/2010\/12\/Pantallazo.png\" data-orig-size=\"\" data-comments-opened=\"1\" data-image-meta=\"[]\" data-image-title=\"Pantallazo\" data-image-description=\"\" data-image-caption=\"\" data-medium-file=\"https:\/\/www.fenrique.com\/blog\/wp-content\/uploads\/2010\/12\/Pantallazo.png\" data-large-file=\"https:\/\/www.fenrique.com\/blog\/wp-content\/uploads\/2010\/12\/Pantallazo.png\" class=\"alignnone size-full wp-image-1969\" title=\"Pantallazo\" src=\"http:\/\/www.fenrique.com\/blog\/wp-content\/uploads\/2010\/12\/Pantallazo.png\" alt=\"\" width=\"500\" height=\"281\" \/><\/a><\/p>\n<p>Con esto, con las gu\u00edas ya puestas y todo, solamente habr\u00eda que encajar nuestra foto en la plantilla (hay que tener algo de nociones de uso de GIMP) y recortar siguiendo dichas gu\u00edas.<\/p>\n<p>Para finalizar, habr\u00eda subir las fotos por orden, es decir, la que sale m\u00e1s a la derecha, la primera, y la de la izquierda, la \u00faltima, y etiquetar.<\/p>\n<p>(v\u00eda <a href=\"http:\/\/fr.techcrunch.com\/2010\/12\/13\/vague-alexandre-oudin\/\" target=\"_blank\">Techcrunch.com<\/a> &#8211; enlace en franc\u00e9s)<\/p>\n","protected":false},"excerpt":{"rendered":"<p>La nueva imagen de Facebook muestra las 5 \u00faltimas fotos, en las que se ha sido etiquetado, al visualizar el perfil de cada usuario, algo as\u00ed como esto: Esto ha <a href=\"https:\/\/www.fenrique.com\/blog\/2010\/12\/16\/como-hacer-un-perfil-creativo-en-facebook\/\" class=\"more-link\">[&hellip;]<\/a><\/p>\n","protected":false},"author":2,"featured_media":0,"comment_status":"open","ping_status":"open","sticky":false,"template":"","format":"standard","meta":{"_exactmetrics_skip_tracking":false,"_exactmetrics_sitenote_active":false,"_exactmetrics_sitenote_note":"","_exactmetrics_sitenote_category":0,"Layout":"","jetpack_post_was_ever_published":false,"_jetpack_newsletter_access":"","_jetpack_dont_email_post_to_subs":false,"_jetpack_newsletter_tier_id":0,"_jetpack_memberships_contains_paywalled_content":false,"_jetpack_memberships_contains_paid_content":false,"footnotes":"","jetpack_publicize_message":"","jetpack_publicize_feature_enabled":true,"jetpack_social_post_already_shared":false,"jetpack_social_options":{"image_generator_settings":{"template":"highway","default_image_id":0,"font":"","enabled":false},"version":2}},"categories":[2,2483],"tags":[3683,3193,193,1306,3321,3302,3682,2639,4746],"class_list":["entry","author-fenrique","has-more-link","post-1968","post","type-post","status-publish","format-standard","category-como-se-hace","category-ubuntu","tag-creatividad","tag-diseno","tag-facebook","tag-fotografia","tag-gimp","tag-perfil","tag-profile","tag-redes-sociales","tag-ubuntu"],"jetpack_publicize_connections":[],"jetpack_featured_media_url":"","jetpack_shortlink":"https:\/\/wp.me\/p172Ei-vK","jetpack_likes_enabled":true,"jetpack_sharing_enabled":true,"_links":{"self":[{"href":"https:\/\/www.fenrique.com\/blog\/wp-json\/wp\/v2\/posts\/1968","targetHints":{"allow":["GET"]}}],"collection":[{"href":"https:\/\/www.fenrique.com\/blog\/wp-json\/wp\/v2\/posts"}],"about":[{"href":"https:\/\/www.fenrique.com\/blog\/wp-json\/wp\/v2\/types\/post"}],"author":[{"embeddable":true,"href":"https:\/\/www.fenrique.com\/blog\/wp-json\/wp\/v2\/users\/2"}],"replies":[{"embeddable":true,"href":"https:\/\/www.fenrique.com\/blog\/wp-json\/wp\/v2\/comments?post=1968"}],"version-history":[{"count":9,"href":"https:\/\/www.fenrique.com\/blog\/wp-json\/wp\/v2\/posts\/1968\/revisions"}],"predecessor-version":[{"id":1972,"href":"https:\/\/www.fenrique.com\/blog\/wp-json\/wp\/v2\/posts\/1968\/revisions\/1972"}],"wp:attachment":[{"href":"https:\/\/www.fenrique.com\/blog\/wp-json\/wp\/v2\/media?parent=1968"}],"wp:term":[{"taxonomy":"category","embeddable":true,"href":"https:\/\/www.fenrique.com\/blog\/wp-json\/wp\/v2\/categories?post=1968"},{"taxonomy":"post_tag","embeddable":true,"href":"https:\/\/www.fenrique.com\/blog\/wp-json\/wp\/v2\/tags?post=1968"}],"curies":[{"name":"wp","href":"https:\/\/api.w.org\/{rel}","templated":true}]}}