{"id":1900,"date":"2010-10-27T22:13:10","date_gmt":"2010-10-27T20:13:10","guid":{"rendered":"http:\/\/www.fenrique.com\/blog\/?p=1900"},"modified":"2010-10-27T22:13:10","modified_gmt":"2010-10-27T20:13:10","slug":"bye-bye-rios-en-el-pais","status":"publish","type":"post","link":"https:\/\/www.fenrique.com\/blog\/2010\/10\/27\/bye-bye-rios-en-el-pais\/","title":{"rendered":"Bye Bye Rios&#8230; En EL PAIS"},"content":{"rendered":"<p>El pr\u00f3ximo domingo, 31 de octubre, puedes conseguir con <a href=\"http:\/\/www.elpais.com\/corporativos\/elpais\/coleccionables\/2010\/miguelrios\/\" target=\"_blank\">la edici\u00f3n de El Pa\u00eds<\/a> (el peri\u00f3dico) un fant\u00e1stico libro cd del concierto que ofreci\u00f3 Miguel R\u00edos en su concierto de despedida en su ciudad, Granada, el pasado 18 de septiembre, dentro de la gira Bye Bye Rios.<\/p>\n<p>En ese concierto participaron artistas tan grandes como Amaral, Pereza y Manolo Garcia.<\/p>\n<p><img loading=\"lazy\" decoding=\"async\" class=\"alignnone\" title=\"bye bye rios\" src=\"http:\/\/www.granadatur.com\/uploads\/tx_cal\/pics\/ByeByeRios.jpg\" alt=\"\" width=\"350\" height=\"488\" \/><\/p>\n<p>El precio es realmente atractivo, 9,95 \u20ac m\u00e1s lo que cueste el peri\u00f3dico el domingo&#8230; toda una oportunidad!!<\/p>\n","protected":false},"excerpt":{"rendered":"<p>El pr\u00f3ximo domingo, 31 de octubre, puedes conseguir con la edici\u00f3n de El Pa\u00eds (el peri\u00f3dico) un fant\u00e1stico libro cd del concierto que ofreci\u00f3 Miguel R\u00edos en su concierto de <a href=\"https:\/\/www.fenrique.com\/blog\/2010\/10\/27\/bye-bye-rios-en-el-pais\/\" class=\"more-link\">[&hellip;]<\/a><\/p>\n","protected":false},"author":2,"featured_media":0,"comment_status":"open","ping_status":"open","sticky":false,"template":"","format":"standard","meta":{"_exactmetrics_skip_tracking":false,"_exactmetrics_sitenote_active":false,"_exactmetrics_sitenote_note":"","_exactmetrics_sitenote_category":0,"Layout":"","jetpack_post_was_ever_published":false,"_jetpack_newsletter_access":"","_jetpack_dont_email_post_to_subs":false,"_jetpack_newsletter_tier_id":0,"_jetpack_memberships_contains_paywalled_content":false,"_jetpack_memberships_contains_paid_content":false,"footnotes":"","jetpack_publicize_message":"","jetpack_publicize_feature_enabled":true,"jetpack_social_post_already_shared":false,"jetpack_social_options":{"image_generator_settings":{"template":"highway","default_image_id":0,"font":"","enabled":false},"version":2}},"categories":[7,233],"tags":[3619,3617,485,3618,708,653,4745,61],"class_list":["entry","author-fenrique","post-1900","post","type-post","status-publish","format-standard","category-fenrique-piensa-que","category-manolo-garcia","tag-bye-bye-rios","tag-cd","tag-concierto","tag-despedida","tag-gira","tag-granada","tag-manolo-garcia","tag-miguel-rios"],"jetpack_publicize_connections":[],"jetpack_featured_media_url":"","jetpack_shortlink":"https:\/\/wp.me\/p172Ei-uE","jetpack_likes_enabled":true,"jetpack_sharing_enabled":true,"_links":{"self":[{"href":"https:\/\/www.fenrique.com\/blog\/wp-json\/wp\/v2\/posts\/1900","targetHints":{"allow":["GET"]}}],"collection":[{"href":"https:\/\/www.fenrique.com\/blog\/wp-json\/wp\/v2\/posts"}],"about":[{"href":"https:\/\/www.fenrique.com\/blog\/wp-json\/wp\/v2\/types\/post"}],"author":[{"embeddable":true,"href":"https:\/\/www.fenrique.com\/blog\/wp-json\/wp\/v2\/users\/2"}],"replies":[{"embeddable":true,"href":"https:\/\/www.fenrique.com\/blog\/wp-json\/wp\/v2\/comments?post=1900"}],"version-history":[{"count":1,"href":"https:\/\/www.fenrique.com\/blog\/wp-json\/wp\/v2\/posts\/1900\/revisions"}],"predecessor-version":[{"id":1901,"href":"https:\/\/www.fenrique.com\/blog\/wp-json\/wp\/v2\/posts\/1900\/revisions\/1901"}],"wp:attachment":[{"href":"https:\/\/www.fenrique.com\/blog\/wp-json\/wp\/v2\/media?parent=1900"}],"wp:term":[{"taxonomy":"category","embeddable":true,"href":"https:\/\/www.fenrique.com\/blog\/wp-json\/wp\/v2\/categories?post=1900"},{"taxonomy":"post_tag","embeddable":true,"href":"https:\/\/www.fenrique.com\/blog\/wp-json\/wp\/v2\/tags?post=1900"}],"curies":[{"name":"wp","href":"https:\/\/api.w.org\/{rel}","templated":true}]}}