{"id":188,"date":"2008-02-21T10:45:19","date_gmt":"2008-02-21T09:45:19","guid":{"rendered":"http:\/\/www.fenrique.com\/blog\/archives\/188"},"modified":"2008-02-21T11:00:03","modified_gmt":"2008-02-21T10:00:03","slug":"video-electoral-del-psoe-sea-lo-que-sea-ve-a-votar-el-9-de-marzo","status":"publish","type":"post","link":"https:\/\/www.fenrique.com\/blog\/2008\/02\/21\/video-electoral-del-psoe-sea-lo-que-sea-ve-a-votar-el-9-de-marzo\/","title":{"rendered":"Video electoral del PSOE: Sea lo que sea, ve a votar el 9 de marzo"},"content":{"rendered":"<p align=\"justify\">Realmente me quito el sombrero ante este nuevo v\u00eddeo electoral del PSOE.<\/p>\n<p align=\"justify\">Es soberbiamente elegante, cordial, honesto&#8230; dem\u00f3crata. De verdad, es de los mejores v\u00eddeos publicitarios que recuerdo:<\/p>\n<p><object classid=\"clsid:d27cdb6e-ae6d-11cf-96b8-444553540000\" codebase=\"http:\/\/download.macromedia.com\/pub\/shockwave\/cabs\/flash\/swflash.cab#version=6,0,40,0\" width=\"352\" height=\"277\"><param name=\"width\" value=\"352\" \/><param name=\"height\" value=\"277\" \/><param name=\"src\" value=\"http:\/\/20minutos.zappinternet.com\/20m\/LuDfMipGic\" \/><\/object><\/p>\n<p align=\"justify\">Supongo que al <u><a href=\"http:\/\/www.fenrique.com\/blog\/archives\/186\" target=\"_blank\">cartel del PP<\/a><a href=\"http:\/\/www.fenrique.com\/blog\/archives\/186\" target=\"_blank\"> del barrio de Salamanca de Madrid <\/a><\/u>se les habr\u00e1 olvidado poner que a los ancianos les ayudan independientemente del color pol\u00edtico de la papeleta, \u00bfno?<\/p>\n<p align=\"justify\"><!--more--><\/p>\n<p align=\"justify\">&nbsp;<\/p>\n<p align=\"justify\">Y por \u00faltimo, \u00bfte imaginas una valla del PSOE en un video o anuncio del PP? Seguro que no, pues al contrario (una del PP en un video del PSOE) s\u00ed la puedes ver:<\/p>\n<p><object classid=\"clsid:d27cdb6e-ae6d-11cf-96b8-444553540000\" codebase=\"http:\/\/download.macromedia.com\/pub\/shockwave\/cabs\/flash\/swflash.cab#version=6,0,40,0\" width=\"352\" height=\"277\"><param name=\"width\" value=\"352\" \/><param name=\"height\" value=\"277\" \/><param name=\"src\" value=\"http:\/\/20minutos.zappinternet.com\/20m\/ZiXhDerTup\" \/><\/object><\/p>\n<p>Estos videos corresponden a la campa\u00f1a electoral, que empieza hoy, y han sido dirigidos por la directora Isabel Coixet y tiene como lema: \u00abVota con todas tus fuerzas\u00bb<\/p>\n","protected":false},"excerpt":{"rendered":"<p>Realmente me quito el sombrero ante este nuevo v\u00eddeo electoral del PSOE. Es soberbiamente elegante, cordial, honesto&#8230; dem\u00f3crata. De verdad, es de los mejores v\u00eddeos publicitarios que recuerdo: Supongo que <a href=\"https:\/\/www.fenrique.com\/blog\/2008\/02\/21\/video-electoral-del-psoe-sea-lo-que-sea-ve-a-votar-el-9-de-marzo\/\" class=\"more-link\">[&hellip;]<\/a><\/p>\n","protected":false},"author":2,"featured_media":0,"comment_status":"open","ping_status":"open","sticky":false,"template":"","format":"standard","meta":{"_exactmetrics_skip_tracking":false,"_exactmetrics_sitenote_active":false,"_exactmetrics_sitenote_note":"","_exactmetrics_sitenote_category":0,"Layout":"","jetpack_post_was_ever_published":false,"_jetpack_newsletter_access":"","_jetpack_dont_email_post_to_subs":false,"_jetpack_newsletter_tier_id":0,"_jetpack_memberships_contains_paywalled_content":false,"_jetpack_memberships_contains_paid_content":false,"footnotes":"","jetpack_publicize_message":"","jetpack_publicize_feature_enabled":true,"jetpack_social_post_already_shared":false,"jetpack_social_options":{"image_generator_settings":{"template":"highway","default_image_id":0,"font":"","enabled":false},"version":2}},"categories":[7],"tags":[373,572,570,568,569,571,253,567,566],"class_list":["entry","author-fenrique","has-more-link","post-188","post","type-post","status-publish","format-standard","category-fenrique-piensa-que","tag-9-de-marzo","tag-campana-electoral","tag-democracia","tag-elegancia","tag-honestidad","tag-isabel-coixet","tag-pp","tag-psoe","tag-video-electoral"],"jetpack_publicize_connections":[],"jetpack_featured_media_url":"","jetpack_shortlink":"https:\/\/wp.me\/p172Ei-32","jetpack_likes_enabled":true,"jetpack_sharing_enabled":true,"_links":{"self":[{"href":"https:\/\/www.fenrique.com\/blog\/wp-json\/wp\/v2\/posts\/188","targetHints":{"allow":["GET"]}}],"collection":[{"href":"https:\/\/www.fenrique.com\/blog\/wp-json\/wp\/v2\/posts"}],"about":[{"href":"https:\/\/www.fenrique.com\/blog\/wp-json\/wp\/v2\/types\/post"}],"author":[{"embeddable":true,"href":"https:\/\/www.fenrique.com\/blog\/wp-json\/wp\/v2\/users\/2"}],"replies":[{"embeddable":true,"href":"https:\/\/www.fenrique.com\/blog\/wp-json\/wp\/v2\/comments?post=188"}],"version-history":[{"count":0,"href":"https:\/\/www.fenrique.com\/blog\/wp-json\/wp\/v2\/posts\/188\/revisions"}],"wp:attachment":[{"href":"https:\/\/www.fenrique.com\/blog\/wp-json\/wp\/v2\/media?parent=188"}],"wp:term":[{"taxonomy":"category","embeddable":true,"href":"https:\/\/www.fenrique.com\/blog\/wp-json\/wp\/v2\/categories?post=188"},{"taxonomy":"post_tag","embeddable":true,"href":"https:\/\/www.fenrique.com\/blog\/wp-json\/wp\/v2\/tags?post=188"}],"curies":[{"name":"wp","href":"https:\/\/api.w.org\/{rel}","templated":true}]}}