{"id":184,"date":"2008-02-19T11:00:26","date_gmt":"2008-02-19T10:00:26","guid":{"rendered":"http:\/\/www.fenrique.com\/blog\/archives\/184"},"modified":"2008-02-19T17:41:11","modified_gmt":"2008-02-19T16:41:11","slug":"el-fragil-valor-de-la-democracia","status":"publish","type":"post","link":"https:\/\/www.fenrique.com\/blog\/2008\/02\/19\/el-fragil-valor-de-la-democracia\/","title":{"rendered":"El fr\u00e1gil valor de la democracia."},"content":{"rendered":"<p align=\"justify\">Ayer vi en <a href=\"http:\/\/86400.es\/2008\/02\/18\/el-derecho-a-votar-convertido-en-producto-comercial\/\" target=\"_blank\">86400 un post<\/a> que hablaba acerca del precio que le dar\u00edamos cada uno de nosotros a nuestro voto en las elecciones del 9 de marzo, debido a que varias personas est\u00e1n subastando su voto para las elecciones del 9 de marzo. El post me parece muy interesante, aunque tengo que decir que yo NO vender\u00eda mi voto por ning\u00fan valor, aunque estas cosas son m\u00e1s susceptibles de tener aceptaci\u00f3n para las personas que son denominadas como \u00abindecisas\u00bb, y a las que les hace falta un \u00abempujoncito\u00bb para decantar su voto.<\/p>\n<p align=\"justify\">Esta noticia, que me ha parecido muy sorprendente e indignante, aparece hoy tambi\u00e9n en el <a href=\"http:\/\/elperiodicoextremadura.com\/noticias\/noticia.asp?pkid=356265\" target=\"_blank\">Peri\u00f3dico<\/a> y me hace reflexionar acerca del valor, ya no s\u00f3lo de nuestro propio voto, sino de la democracia.<\/p>\n<p align=\"justify\">Lo que me ha parecido a\u00fan mas indignante, si cabe, no es s\u00f3lo que ciertas personas vendan o subasten su voto, sino que haya gente que se lo compre, independientemente del partido pol\u00edtico que se lo compre.<\/p>\n<table align=\"justify\" border=\"0\">\n<tr>\n<td><img loading=\"lazy\" decoding=\"async\" src=\"http:\/\/espaiobertsocialista.files.wordpress.com\/2007\/10\/urna2.jpg\" alt=\"urna\" style=\"width: 350px; height: 338px\" height=\"338\" width=\"350\" \/><\/td>\n<\/tr>\n<\/table>\n<p align=\"justify\">Estoy convencido de que los compradores ser\u00e1n personas an\u00f3nimas que no act\u00faen en representaci\u00f3n del partido para el que compren el voto, \u00bfpero se imaginan que no, que el partido de turno s\u00ed sepa que alguien de los suyos est\u00e9 comprando votos en internet? Y esto no tiene nada que ver con la compra de puntos del carnet de conducir. Esto es mucho m\u00e1s serio para el conjunto de un pa\u00eds.<\/p>\n<p align=\"justify\">De momento, la puja de mayor valor por un voto, como dicen en el peri\u00f3dico, es de apenas <a href=\"http:\/\/cgi.ebay.es\/Vendo-papeleta-de-mi-voto-en-las-proximas-elecciones-9M_W0QQitemZ320219506661QQihZ011QQcategoryZ31487QQssPageNameZWDVWQQrdZ1QQcmdZViewItem\" target=\"_blank\">10,60\u20ac<\/a>, pero a\u00fan as\u00ed me parece un acto completamente antidemocr\u00e1tico y que nos retrotrae a \u00e9pocas que no hace mucho imaginar.<\/p>\n<p align=\"justify\"><a href=\"http:\/\/search-desc.ebay.es\/search\/search.dll?sofocus=bs&amp;sbrftog=1&amp;dfsp=1&amp;catref=C6&amp;from=R10&amp;_trksid=m37&amp;satitle=voto+elecciones+9+de+marzo&amp;sacat=-1%26catref%3DC6&amp;fts=2&amp;sargn=-1%26saslc%3D1&amp;sadis=200&amp;fpos=10005&amp;sabfmts=1&amp;saobfmts=insif&amp;ga10244=10425&amp;ftrt=1&amp;ftrv=1&amp;saprclo=&amp;saprchi=&amp;fsop=1%26fsoo%3D1&amp;fgtp=\" target=\"_blank\">Mira aqu\u00ed todas las pujas<\/a> sobre votos para el 9 de marzo.<\/p>\n<table border=\"0\">\n<tr>\n<td>\n<p align=\"justify\"><a href=\"http:\/\/cesar.lasideas.es\/?p=1838\" target=\"_blank\"><img loading=\"lazy\" decoding=\"async\" src=\"http:\/\/farm3.static.flickr.com\/2026\/2244827282_bcfa007ee0.jpg?v=0\" alt=\"9m\" style=\"width: 160px; height: 106px\" height=\"106\" width=\"160\" \/><\/a><\/p>\n<\/td>\n<td><\/td>\n<\/tr>\n<tr>\n<td><\/td>\n<td><\/td>\n<\/tr>\n<\/table>\n<p><em><span style=\"color: #ff0000\">\u00a0<\/span><\/em><em><span style=\"color: #ff0000\"> Actualizaci\u00f3n:<\/span><\/em><\/p>\n<p><em><span style=\"color: #ff0000\">Al parecer Ebay ha retirado las pujas de los votos, algo que comentan en <u><a href=\"http:\/\/www.cadenaser.com\/tecnologia\/articulo\/ebay-retira-anuncios-venta-votos\/csrcsrpor\/20080219csrcsrtec_3\/Tes\" target=\"_blank\">cadenaser.com<\/a>\u00a0<\/u><\/span><\/em><\/p>\n","protected":false},"excerpt":{"rendered":"<p>Ayer vi en 86400 un post que hablaba acerca del precio que le dar\u00edamos cada uno de nosotros a nuestro voto en las elecciones del 9 de marzo, debido a <a href=\"https:\/\/www.fenrique.com\/blog\/2008\/02\/19\/el-fragil-valor-de-la-democracia\/\" class=\"more-link\">[&hellip;]<\/a><\/p>\n","protected":false},"author":2,"featured_media":0,"comment_status":"open","ping_status":"open","sticky":false,"template":"","format":"standard","meta":{"_exactmetrics_skip_tracking":false,"_exactmetrics_sitenote_active":false,"_exactmetrics_sitenote_note":"","_exactmetrics_sitenote_category":0,"Layout":"","jetpack_post_was_ever_published":false,"_jetpack_newsletter_access":"","_jetpack_dont_email_post_to_subs":false,"_jetpack_newsletter_tier_id":0,"_jetpack_memberships_contains_paywalled_content":false,"_jetpack_memberships_contains_paid_content":false,"footnotes":"","jetpack_publicize_message":"","jetpack_publicize_feature_enabled":true,"jetpack_social_post_already_shared":false,"jetpack_social_options":{"image_generator_settings":{"template":"highway","default_image_id":0,"font":"","enabled":false},"version":2}},"categories":[7],"tags":[549,373,547,372,548],"class_list":["entry","author-fenrique","post-184","post","type-post","status-publish","format-standard","category-fenrique-piensa-que","tag-549","tag-9-de-marzo","tag-ebay","tag-elecciones","tag-subasta-votos"],"jetpack_publicize_connections":[],"jetpack_featured_media_url":"","jetpack_shortlink":"https:\/\/wp.me\/p172Ei-2Y","jetpack_likes_enabled":true,"jetpack_sharing_enabled":true,"_links":{"self":[{"href":"https:\/\/www.fenrique.com\/blog\/wp-json\/wp\/v2\/posts\/184","targetHints":{"allow":["GET"]}}],"collection":[{"href":"https:\/\/www.fenrique.com\/blog\/wp-json\/wp\/v2\/posts"}],"about":[{"href":"https:\/\/www.fenrique.com\/blog\/wp-json\/wp\/v2\/types\/post"}],"author":[{"embeddable":true,"href":"https:\/\/www.fenrique.com\/blog\/wp-json\/wp\/v2\/users\/2"}],"replies":[{"embeddable":true,"href":"https:\/\/www.fenrique.com\/blog\/wp-json\/wp\/v2\/comments?post=184"}],"version-history":[{"count":0,"href":"https:\/\/www.fenrique.com\/blog\/wp-json\/wp\/v2\/posts\/184\/revisions"}],"wp:attachment":[{"href":"https:\/\/www.fenrique.com\/blog\/wp-json\/wp\/v2\/media?parent=184"}],"wp:term":[{"taxonomy":"category","embeddable":true,"href":"https:\/\/www.fenrique.com\/blog\/wp-json\/wp\/v2\/categories?post=184"},{"taxonomy":"post_tag","embeddable":true,"href":"https:\/\/www.fenrique.com\/blog\/wp-json\/wp\/v2\/tags?post=184"}],"curies":[{"name":"wp","href":"https:\/\/api.w.org\/{rel}","templated":true}]}}