{"id":1642,"date":"2010-06-14T20:19:08","date_gmt":"2010-06-14T18:19:08","guid":{"rendered":"http:\/\/www.fenrique.com\/blog\/?p=1642"},"modified":"2010-06-14T12:21:46","modified_gmt":"2010-06-14T10:21:46","slug":"la-cancion-del-lunes-16-musicmonday","status":"publish","type":"post","link":"https:\/\/www.fenrique.com\/blog\/2010\/06\/14\/la-cancion-del-lunes-16-musicmonday\/","title":{"rendered":"La canci\u00f3n del lunes (16) #MusicMonday"},"content":{"rendered":"<p>Esta ma\u00f1ana, mientras miraba el videoclip de <a href=\"http:\/\/www.youtube.com\/watch?v=wNI3ZOnq7Ro\" target=\"_blank\">una canci\u00f3n<\/a> que \u00faltimamente escucho a menudo, en el coche sobre todo, youtube me recomendaba que tambi\u00e9n viera el de esta otra canci\u00f3n. <strong>Abr\u00e1zame<\/strong> de <strong>Ivan Ferreiro<\/strong>, uno de los cantantes que m\u00e1s me gustan. Hac\u00eda mucho que no la escuchaba y bueno&#8230; me ha hecho pensar un rato<\/p>\n<object type=\"application\/x-shockwave-flash\" data=\"http:\/\/www.youtube.com\/v\/6mdEMFO7qjM\" width=\"450\" height=\"370\"><param name=\"movie\" value=\"http:\/\/www.youtube.com\/v\/6mdEMFO7qjM\" \/><param name=\"autostart\" value=\"true\" \/><param name=\"wmode\" value=\"transparent\" \/><\/object><br \/>\n<!-- generated by WordPress plugin Embedded Video -->\n\n<p>La letra:<\/p>\n<p>Abr\u00e1zame y no me digas nada s\u00f3lo abr\u00e1zame<br \/>\nMe basta tu mirada para comprender que t\u00fa te ir\u00e1s&#8230;<br \/>\nAbr\u00e1zame como si fuera ahora la primera vez<br \/>\ncomo si me quisieras hoy igual que ayer&#8230; abr\u00e1zame&#8230;<br \/>\nSi t\u00fa te vas te olvidar\u00e1s que un d\u00eda hace tiempo ya<br \/>\ncuando \u00e9ramos a\u00fan ni\u00f1os me empezaste a amar<br \/>\ny yo te di mi vida, si te vas&#8230;<br \/>\nSi t\u00fa te vas ya nada ser\u00e1 nuestro t\u00fa te llevar\u00e1s<br \/>\nen un s\u00f3lo momento una eternidad<br \/>\nme quedar\u00e9 sin nada si te vas&#8230;<br \/>\nAbr\u00e1zame<br \/>\ny no me digas nada s\u00f3lo<br \/>\nabr\u00e1zame<br \/>\nno quiero que te vayas pero se muy bien que t\u00fa te ir\u00e1s<br \/>\nAbr\u00e1zame como si fuera ahora la primera vez<br \/>\ncomo si me quisieras hoy igual que ayer&#8230;<br \/>\nabr\u00e1zame&#8230;<br \/>\nSi t\u00fa te vas me quedar\u00e1 el silencio para conversar<br \/>\nLa sombra de tu cuerpo y la soledad<br \/>\nser\u00e1n mis compa\u00f1eras si te vas&#8230;<br \/>\nsi t\u00fa te vas se ir\u00e1 contigo el tiempo y mi mejor edad te seguir\u00e9<br \/>\nqueriendo cada d\u00eda m\u00e1s<br \/>\nesperar\u00e9 a que vuelvas si te vas&#8230;<\/p>\n<p>Por cierto, me acabo de dar cuenta que hac\u00eda casi 2 semanas que no escrib\u00eda en el blog. En parte es por falta de ganas, de temas de los que escribir, y algo de tiempo. No obstante, s\u00ed que actualizo de vez en cuando mis espacios en <a href=\"http:\/\/fenrique.tumblr.com\/\" target=\"_blank\"><span style=\"text-decoration: underline;\">Tumblr<\/span><\/a> y sobre todo en <span style=\"text-decoration: underline;\"><a href=\"http:\/\/www.strands.com\/fenrique\" target=\"_blank\">Strands<\/a><\/span> (Red Social para deportistas)<\/p>\n","protected":false},"excerpt":{"rendered":"<p>Esta ma\u00f1ana, mientras miraba el videoclip de una canci\u00f3n que \u00faltimamente escucho a menudo, en el coche sobre todo, youtube me recomendaba que tambi\u00e9n viera el de esta otra canci\u00f3n. <a href=\"https:\/\/www.fenrique.com\/blog\/2010\/06\/14\/la-cancion-del-lunes-16-musicmonday\/\" class=\"more-link\">[&hellip;]<\/a><\/p>\n","protected":false},"author":2,"featured_media":0,"comment_status":"open","ping_status":"open","sticky":false,"template":"","format":"standard","meta":{"_exactmetrics_skip_tracking":false,"_exactmetrics_sitenote_active":false,"_exactmetrics_sitenote_note":"","_exactmetrics_sitenote_category":0,"Layout":"","jetpack_post_was_ever_published":false,"_jetpack_newsletter_access":"","_jetpack_dont_email_post_to_subs":false,"_jetpack_newsletter_tier_id":0,"_jetpack_memberships_contains_paywalled_content":false,"_jetpack_memberships_contains_paid_content":false,"footnotes":"","jetpack_publicize_message":"","jetpack_publicize_feature_enabled":true,"jetpack_social_post_already_shared":false,"jetpack_social_options":{"image_generator_settings":{"template":"highway","default_image_id":0,"font":"","enabled":false},"version":2}},"categories":[3161,3177],"tags":[3388,3386,661,3387,1554],"class_list":["entry","author-fenrique","post-1642","post","type-post","status-publish","format-standard","category-musicmonday","category-la-cancion-del-lunes","tag-abrazame","tag-fear","tag-ivan-ferreiro","tag-loleliness","tag-piratas"],"jetpack_publicize_connections":[],"jetpack_featured_media_url":"","jetpack_shortlink":"https:\/\/wp.me\/p172Ei-qu","jetpack_likes_enabled":true,"jetpack_sharing_enabled":true,"_links":{"self":[{"href":"https:\/\/www.fenrique.com\/blog\/wp-json\/wp\/v2\/posts\/1642","targetHints":{"allow":["GET"]}}],"collection":[{"href":"https:\/\/www.fenrique.com\/blog\/wp-json\/wp\/v2\/posts"}],"about":[{"href":"https:\/\/www.fenrique.com\/blog\/wp-json\/wp\/v2\/types\/post"}],"author":[{"embeddable":true,"href":"https:\/\/www.fenrique.com\/blog\/wp-json\/wp\/v2\/users\/2"}],"replies":[{"embeddable":true,"href":"https:\/\/www.fenrique.com\/blog\/wp-json\/wp\/v2\/comments?post=1642"}],"version-history":[{"count":3,"href":"https:\/\/www.fenrique.com\/blog\/wp-json\/wp\/v2\/posts\/1642\/revisions"}],"predecessor-version":[{"id":1647,"href":"https:\/\/www.fenrique.com\/blog\/wp-json\/wp\/v2\/posts\/1642\/revisions\/1647"}],"wp:attachment":[{"href":"https:\/\/www.fenrique.com\/blog\/wp-json\/wp\/v2\/media?parent=1642"}],"wp:term":[{"taxonomy":"category","embeddable":true,"href":"https:\/\/www.fenrique.com\/blog\/wp-json\/wp\/v2\/categories?post=1642"},{"taxonomy":"post_tag","embeddable":true,"href":"https:\/\/www.fenrique.com\/blog\/wp-json\/wp\/v2\/tags?post=1642"}],"curies":[{"name":"wp","href":"https:\/\/api.w.org\/{rel}","templated":true}]}}