{"id":1610,"date":"2007-10-11T10:42:34","date_gmt":"2007-10-11T08:42:34","guid":{"rendered":"http:\/\/www.fenrique.com\/blog\/?p=1610"},"modified":"2010-05-13T10:44:23","modified_gmt":"2010-05-13T08:44:23","slug":"cartel-embajadas-tecnologicas","status":"publish","type":"post","link":"https:\/\/www.fenrique.com\/blog\/2007\/10\/11\/cartel-embajadas-tecnologicas\/","title":{"rendered":"Cartel Embajadas Tecnol\u00f3gicas"},"content":{"rendered":"<p style=\"text-align: justify;\">A trav\u00e9s del <a href=\"http:\/\/www.nccextremadura.org\" target=\"_blank\">PAT<\/a>, donde trabajo desde hace 6 a\u00f1os, me han encargado un cartel para las Jornadas de Difusi\u00f3n de GNULINEX en las Casas de Extremadura en el exterior (de Extremadura).<\/p>\n<p style=\"text-align: justify;\">En esta p\u00e1gina voy a ir poniendo, paso a paso, el proceso de dise\u00f1o del cartel. Lo m\u00e1s nuevo lo ir\u00e9 poniendo debajo, al contrario del formato habitual de los blogs, donde lo m\u00e1s nuevo se coloca arriba. Este formato no admite escribir comentarios, asi que, quien quiera, puede hacerlo a trav\u00e9s de mi correo electr\u00f3nico: yo (arroba) fenrique.com o haciendo <a href=\"http:\/\/fenrique.com\/index.php?option=com_contact&amp;Itemid=3\" target=\"_blank\">click aqu\u00ed\u00ad<\/a> y rellenando el formulario<\/p>\n<p style=\"text-align: justify;\">La idea que ten\u00ed\u00ada del cartel es la de llevar linex a esos lugares, entonces no se me ocurri\u00f3 mejor imagen que una persona, con una mochila, llevando un cd de linex, el logo de linex o algo representativo, f\u00ed\u00adsicamente a alg\u00fan lugar. Para ello, tras hablarlo con mi coordinadora, llam\u00e9 a mi compa\u00f1ero Manuel (NCC Mejostilla) y nos desplazamos (el jueves 4 de octubre), para realizar la foto principal, a una carretera con poco o nada de tr\u00e1fico. La localizaci\u00f3n fue en la <a href=\"http:\/\/maps.google.es\/maps?f=q&amp;hl=es&amp;geocode=&amp;q=caceres&amp;ie=UTF8&amp;ll=39.460981,-6.222939&amp;spn=0.020178,0.047035&amp;t=k&amp;z=15&amp;om=1\" target=\"_blank\">carretera que lleva a una f\u00e1brica (o algo) de ERT<\/a> (Explosivos Rio Tinto).<\/p>\n<p style=\"text-align: justify;\">\n<p style=\"text-align: justify;\">Estas son algunas de las fotos:<\/p>\n<p style=\"text-align: justify;\"><img decoding=\"async\" title=\"mochila peque\u00f1a\" src=\"http:\/\/farm3.static.flickr.com\/2125\/1513874622_0daaa66b0d_m.jpg\" alt=\"mochila peque\u00c3\u00b1a\" \/><\/p>\n<p style=\"text-align: justify;\">Con una mochila peque\u00f1a y fingiendo andar (de esta foto aprovech\u00e9 la sombra del modelo)<\/p>\n<p style=\"text-align: justify;\"><img decoding=\"async\" title=\"de frente\" src=\"http:\/\/farm3.static.flickr.com\/2349\/1513023523_84af0f2d29_m.jpg\" alt=\"de frente\" \/><\/p>\n<p style=\"text-align: justify;\">Con una mochila &#8211; zurr\u00f3n y de frente.<\/p>\n<p style=\"text-align: justify;\"><img decoding=\"async\" title=\"andando\" src=\"http:\/\/farm3.static.flickr.com\/2075\/1513026933_79b681f2bc_m.jpg\" alt=\"andando\" \/><\/p>\n<p style=\"text-align: justify;\">Andando<\/p>\n<p style=\"text-align: justify;\"><img decoding=\"async\" title=\"andando 2\" src=\"http:\/\/farm3.static.flickr.com\/2106\/1513025249_f6111e13b4_m.jpg\" alt=\"andando 2\" \/><\/p>\n<p style=\"text-align: justify;\">Al final escog\u00ed\u00ad esta foto porque se le ve un poco la cara y la pose es muy natural. De todas forma el fondo no me convenc\u00ed\u00ada, ya que es demasiado seco, por lo que me puse a buscar otro. Entr\u00e9 en <a href=\"http:\/\/www.sxc.hu\" target=\"_blank\">www.sxc.hu<\/a>, que es una web con un extenso banco de im\u00e1genes gratuitas, libres y de gran formato, con lo que resulta id\u00f3neo para este fin, no comercial, del cartel. Despu\u00e9s de buscar, me decid\u00ed\u00ad por esta imagen:<\/p>\n<p style=\"text-align: justify;\"><img decoding=\"async\" title=\"fondo 1\" src=\"http:\/\/farm3.static.flickr.com\/2292\/1513889126_93222f8c26_m.jpg\" alt=\"fondo 1\" \/><\/p>\n<p style=\"text-align: justify;\">De esta forma, ya s\u00f3lo quedaba aislar la figura del modelo y colocarlo en el fondo final:<\/p>\n<p style=\"text-align: justify;\"><img decoding=\"async\" title=\"en el fondo\" src=\"http:\/\/farm3.static.flickr.com\/2289\/1513028113_d7531d7ceb_m.jpg\" alt=\"en el fondo\" \/><\/p>\n<p style=\"text-align: justify;\">Como coment\u00e9 antes, hab\u00ed\u00ada que ponerle sombra, con lo que cog\u00ed\u00ad la de la primera foto de esta p\u00e1gina. Tambi\u00e9n colorear de verde la mochila:<\/p>\n<p style=\"text-align: justify;\"><img decoding=\"async\" title=\"con sombra\" src=\"http:\/\/farm1.static.flickr.com\/233\/1513882216_af4def3c45_m.jpg\" alt=\"con sombra\" \/><\/p>\n<p style=\"text-align: justify;\">Se me ocurri\u00f3 destacar de alguna forma la carretera, como la v\u00ed\u00ada por donde se va a llevar linex, as\u00ed\u00ad que la he puesto en blanco y negro (blanco el asfalto y el borde de las l\u00ed\u00adneas en negro). Tambi\u00e9n le puse el titulo del cartel:<\/p>\n<p style=\"text-align: justify;\"><img decoding=\"async\" title=\"primer definitivo\" src=\"http:\/\/farm1.static.flickr.com\/246\/1513031457_0fa7a77d68_m.jpg\" alt=\"primer definitivo\" \/><\/p>\n<p style=\"text-align: justify;\">Lo siguiente era poner las ciudades en las que vamos a estar y decorar un poco el texto &#8211; titular:<\/p>\n<p style=\"text-align: justify;\"><img decoding=\"async\" title=\"ciudades\" src=\"http:\/\/farm3.static.flickr.com\/2046\/1513885548_9223fcfedf_m.jpg\" alt=\"ciudades\" \/><\/p>\n<p style=\"text-align: justify;\">A continuaci\u00f3n, he puesto las fechas de las actividades, decorar un poco m\u00e1s (con la bandera de Extremadura) la frase \u00abAsociaciones Extreme\u00f1as en el Exterior\u00bb y cambiar las localidades de sitio, para dejar espacio libre en la carretera para otras cosas que hay que poner:<\/p>\n<p style=\"text-align: justify;\"><img decoding=\"async\" title=\"detalle\" src=\"http:\/\/farm3.static.flickr.com\/2026\/1513348459_a5dabfddd0.jpg?v=0\" alt=\"detalle\" \/><\/p>\n<p style=\"text-align: justify;\">A fecha de 8 de octubre, a las 12h, el cartel est\u00e1 as\u00ed\u00ad (click en la imagen para verlo m\u00e1s grande):<\/p>\n<p style=\"text-align: justify;\"><a href=\"http:\/\/www.flickr.com\/photo_zoom.gne?id=1513887984&amp;size=l\" target=\"_blank\"><img decoding=\"async\" style=\"width: 221px; height: 307px;\" title=\"8octubre\" src=\"http:\/\/farm3.static.flickr.com\/2330\/1513887984_ca09a5fac5.jpg\" alt=\"8octubre\" \/><\/a><\/p>\n<p style=\"text-align: justify;\">A primera hora de la tarde del lunes he realizado dos cambios, uno es la inserci\u00f3n del logo de linex, en dos lugares, uno en el t\u00ed\u00adtulo del cartel y otro en la solapa de la mochila &#8211; zurr\u00f3n. Tambi\u00e9n he cambiado el color de las localidades, de verde, a blanco, para que se distinga mejor.<\/p>\n<p style=\"text-align: justify;\"><img decoding=\"async\" title=\"17h\" src=\"http:\/\/farm3.static.flickr.com\/2015\/1515872109_0c526ddc61_m.jpg\" alt=\"17h\" \/><\/p>\n<p style=\"text-align: justify;\">A las 18:40 este es el proceso del cartel (click para ver m\u00e1s grande):<\/p>\n<p style=\"text-align: justify;\"><a href=\"http:\/\/www.flickr.com\/photo_zoom.gne?id=1515873693&amp;size=l\" target=\"_blank\"><img decoding=\"async\" style=\"width: 235px; height: 329px;\" title=\"18:40\" src=\"http:\/\/farm3.static.flickr.com\/2199\/1515873693_92c012dbcc.jpg?v=0\" alt=\"18:40\" \/><\/a><\/p>\n<p style=\"text-align: justify;\">He deformado el logo de linex de la mochila para que \u00abparezca\u00bb serigrafiado y he \u00abapa\u00f1ado\u00bb los textos del t\u00ed\u00adtulo del cartel. En concreto he arreglado los caracteres especiales, que los tipos de letra que he usado no los aceptaba. Ni acentos (tildes) ni e\u00f1es, ni cedilla (\u00e7), para difusi\u00f3n, extreme\u00f1as y Pu\u00e7ol.<\/p>\n<p style=\"text-align: justify;\">Tambi\u00e9n he corregido un peque\u00f1o detalle que me ha se\u00f1alado mi compa\u00f1ero <a href=\"http:\/\/rayopat.blogspot.com\" target=\"_blank\">Rayo<\/a>, la mochila no ten\u00ed\u00ada sombra, as\u00ed\u00ad que se la he puesto.<\/p>\n<p style=\"text-align: justify;\">Ahora s\u00f3lo faltan por poner los logotipos de las entidades que participan y las actividades que se van a realizar. Que terminar\u00e9, espero que ma\u00f1ana. Con eso, s\u00f3lo quedar\u00e1n los cambios finales.<\/p>\n<p style=\"text-align: justify;\">&#8212;&#8211;<\/p>\n<p style=\"text-align: justify;\">Martes por la ma\u00f1ana, ya me dieron los cambios \u00abcorporativos\u00bb para el cartel (aportaciones).<\/p>\n<p style=\"text-align: justify;\">Son estos:<\/p>\n<p style=\"text-align: justify;\">&#8211; tira de logotipos del <a href=\"http:\/\/www.nccextremadura.org\" target=\"_blank\">PAT<\/a><\/p>\n<p style=\"text-align: justify;\">&#8211; M\u00e1s grande lo de Asociaciones Extreme\u00f1as en el Exterior (lo de Exterior no lo hab\u00ed\u00ada puesto en may\u00fasculas, as\u00ed\u00ad que lo he puesto). De paso tambi\u00e9n he agrandado la frase GNU LinEx (y su logo)<\/p>\n<p style=\"text-align: justify;\">&#8211; Las fechas tambi\u00e9n mas grandes. Entonces he puesto noviembre m\u00e1s grande, los d\u00ed\u00adas igual, pero con un efecto de relieve y 2007 debajo, tambi\u00e9n m\u00e1s grande. Aparentemente es m\u00e1s grande.<\/p>\n<p style=\"text-align: justify;\">&#8211; Las localidades sobre la carretera, como estaba antes y tambi\u00e9n m\u00e1s grandes. Las he puesto, en verde, sobre la carretera, haciendo una especie de figura rara. As\u00ed\u00ad da el aspecto de ir (por la carretera) a esos lugares.<\/p>\n<p style=\"text-align: justify;\">&#8211; Tambi\u00e9n he deplazado un poco al modelo a la izquierda y abajo, para que las fechas y el t\u00ed\u00adtulo no quedaran tan \u00abapretadas\u00bb<\/p>\n<p style=\"text-align: justify;\">&#8211; En cuanto a los logos y textos \u00aboficiales\u00bb dudo entre si poner la frase \u00abAcciones dirigidas a la poblaci\u00f3n&#8230;\u00bb y las direcciones web debajo de cada logo. Ambos los he puesto (quitarlos no cuesta nada)<\/p>\n<p style=\"text-align: justify;\">Faltan las actividades que se han programado, que a\u00fan no me las han pasado.<\/p>\n<p style=\"text-align: justify;\">Martes 9 de octubre, 13:45h, el cartel est\u00e1 as\u00ed\u00ad (click para ver en grande):<\/p>\n<p style=\"text-align: justify;\"><a href=\"http:\/\/www.flickr.com\/photo_zoom.gne?id=1523864446&amp;size=l\" target=\"_blank\"><img decoding=\"async\" style=\"width: 207px; height: 289px;\" title=\"12\" src=\"http:\/\/farm3.static.flickr.com\/2402\/1523864446_83a67baff1.jpg\" alt=\"12\" \/><\/a><\/p>\n<p style=\"text-align: justify;\">Tambi\u00e9n me han encargado un banner para la web de este proyecto, que como estar\u00e1 basado en este mismo cartel, os lo mostrar\u00e9 cuando lo termine.<\/p>\n<p style=\"text-align: justify;\">&#8212;&#8212;-<\/p>\n<p style=\"text-align: justify;\">Jueves 9:30h:<\/p>\n<p style=\"text-align: justify;\">He agrupado las localidades. Realmente no me acaba de convencer ni una cosa ni otra, me parece que \u00abcasi no pegan\u00bb, pero de momento es lo mejor que se me ha ocurrido, as\u00ed\u00ad que lo dejo as\u00ed\u00ad.<\/p>\n<p style=\"text-align: justify;\">Ya tengo las actividades, las he puesto en el fondo azul del cielo, en la parte de abajo izquierda. He adecuado lo que me han enviado para que encaje lo mejor posible.<\/p>\n<p style=\"text-align: justify;\">Sigo sin saber qu\u00e9 logotipos van definitivamente y los textos de los logotipos, lo de \u00abacciones gratuitas dirigidas a&#8230;\u00bb y lo de \u00abacciones cofinanciadas por el Fondo Social&#8230;\u00bb<\/p>\n<p style=\"text-align: justify;\">Tambi\u00e9n me han dicho que va la direcci\u00f3n web del proyecto en el que est\u00e1 enmarcada esta acci\u00f3n, que la pondr\u00e9 en vertical justo detr\u00e1s del modelo. A esta hora, el cartel est\u00e1 as\u00ed\u00ad:<\/p>\n<p style=\"text-align: justify;\"><a href=\"http:\/\/www.flickr.com\/photo_zoom.gne?id=1533899213&amp;size=l\" target=\"_blank\"><img decoding=\"async\" style=\"width: 262px; height: 366px;\" title=\"13\" src=\"http:\/\/farm3.static.flickr.com\/2219\/1533899213_78dfb5e374.jpg?v=0\" alt=\"13\" \/><\/a><\/p>\n<p style=\"text-align: justify;\">&#8212;&#8212;<\/p>\n<p style=\"text-align: justify;\">Jueves 11, 13:30h<\/p>\n<p style=\"text-align: justify;\">Despu\u00e9s de hablar esta ma\u00f1ana con la directora del PAT y con un compa\u00f1ero de Gesti\u00f3n en M\u00e9rida, hemos estado viendo una serie de modificaciones, en concreto estas:<\/p>\n<p style=\"text-align: justify;\">&#8211; Incluir una o varias cig\u00fce\u00f1as blancas volando sobre el cielo o alrededor de los textos de las actividades ( he puesto una sola, un poco por encima de las actividades). Me ha comentado compa\u00f1eros que ya han visto el cartel (antes de subirlo a flickr) que quiz\u00e1 un poco m\u00e1s peque\u00f1a, o bien ahi\u00ad donde est\u00e1 o en el hueco que deja los talleres, es decir, en el espacio entre \u00abtalleres de alfabetizaci\u00f3n tecnol\u00f3gica\u00bb y el horizonte del paisaje. en principio lo quedo como est\u00e1. Si hay que modificar, si es para reducir, no hay problema, lo malo es si hubiera que hacerlo m\u00e1s grande, que ya ser\u00ed\u00ada un problema porque perder\u00ed\u00ada calidad.<\/p>\n<p style=\"text-align: justify;\">&#8211; Las ciudades, las he puesto una debajo de otra. El orden es de m\u00e1s a menos letras. Les he dado un efecto de perspectiva, como dice <a href=\"http:\/\/manuel77.wordpress.com\" target=\"_blank\">Manuel<\/a>, al estilo \u00abLa Guerra de las Galaxias\u00bb. De esta forma, ocupan todo el espacio vac\u00ed\u00ado que quedaba antes, se ven m\u00e1s y tambi\u00e9n parece que hay m\u00e1s.<\/p>\n<p style=\"text-align: justify;\">&#8211; He cambiado el texto de las actividades, incluyendo una actividad principal, que son los \u00absabores de linex\u00bb incluyendo las versiones de linex que actualmente se pueden conseguir, ya que se van a distribuir en esta acci\u00f3n.<\/p>\n<p style=\"text-align: justify;\">&#8211; Finalmente, en los textos de los logotipos, se quita \u00abacciones gratuitas&#8230;\u00bb ya que, evidentemente, este proyecto es para usuarios de fuera de Extremadura.<\/p>\n<p style=\"text-align: justify;\">&#8211; Y en cuanto a los logos, se queda como est\u00e1, con el texto \u00abOrganiza\u00bb y se a\u00f1ade \u00abColabora\u00bb con el Logotipo de la Vicepresidencia Primera y Direcci\u00f3n General de Acci\u00f3n Exterior.<\/p>\n<p style=\"text-align: justify;\">Este es el resultado (click en la imagen para ver en grande):<\/p>\n<p style=\"text-align: justify;\"><a href=\"http:\/\/www.flickr.com\/photo_zoom.gne?id=1542057846&amp;size=l\" target=\"_blank\"><img decoding=\"async\" title=\"14\" src=\"http:\/\/farm3.static.flickr.com\/2068\/1542057846_8a6e04cd32.jpg?v=0\" alt=\"14\" \/><\/a><\/p>\n","protected":false},"excerpt":{"rendered":"<p>A trav\u00e9s del PAT, donde trabajo desde hace 6 a\u00f1os, me han encargado un cartel para las Jornadas de Difusi\u00f3n de GNULINEX en las Casas de Extremadura en el exterior <a href=\"https:\/\/www.fenrique.com\/blog\/2007\/10\/11\/cartel-embajadas-tecnologicas\/\" class=\"more-link\">[&hellip;]<\/a><\/p>\n","protected":false},"author":2,"featured_media":0,"comment_status":"open","ping_status":"open","sticky":false,"template":"","format":"standard","meta":{"_exactmetrics_skip_tracking":false,"_exactmetrics_sitenote_active":false,"_exactmetrics_sitenote_note":"","_exactmetrics_sitenote_category":0,"Layout":"","jetpack_post_was_ever_published":false,"_jetpack_newsletter_access":"","_jetpack_dont_email_post_to_subs":false,"_jetpack_newsletter_tier_id":0,"_jetpack_memberships_contains_paywalled_content":false,"_jetpack_memberships_contains_paid_content":false,"footnotes":"","jetpack_publicize_message":"","jetpack_publicize_feature_enabled":true,"jetpack_social_post_already_shared":false,"jetpack_social_options":{"image_generator_settings":{"template":"highway","default_image_id":0,"font":"","enabled":false},"version":2}},"categories":[18,8],"tags":[151,152,1252],"class_list":["entry","author-fenrique","post-1610","post","type-post","status-publish","format-standard","category-caceres","category-carteleria","tag-cartel","tag-embajadas","tag-manuel77"],"jetpack_publicize_connections":[],"jetpack_featured_media_url":"","jetpack_shortlink":"https:\/\/wp.me\/p172Ei-pY","jetpack_likes_enabled":true,"jetpack_sharing_enabled":true,"_links":{"self":[{"href":"https:\/\/www.fenrique.com\/blog\/wp-json\/wp\/v2\/posts\/1610","targetHints":{"allow":["GET"]}}],"collection":[{"href":"https:\/\/www.fenrique.com\/blog\/wp-json\/wp\/v2\/posts"}],"about":[{"href":"https:\/\/www.fenrique.com\/blog\/wp-json\/wp\/v2\/types\/post"}],"author":[{"embeddable":true,"href":"https:\/\/www.fenrique.com\/blog\/wp-json\/wp\/v2\/users\/2"}],"replies":[{"embeddable":true,"href":"https:\/\/www.fenrique.com\/blog\/wp-json\/wp\/v2\/comments?post=1610"}],"version-history":[{"count":1,"href":"https:\/\/www.fenrique.com\/blog\/wp-json\/wp\/v2\/posts\/1610\/revisions"}],"predecessor-version":[{"id":1612,"href":"https:\/\/www.fenrique.com\/blog\/wp-json\/wp\/v2\/posts\/1610\/revisions\/1612"}],"wp:attachment":[{"href":"https:\/\/www.fenrique.com\/blog\/wp-json\/wp\/v2\/media?parent=1610"}],"wp:term":[{"taxonomy":"category","embeddable":true,"href":"https:\/\/www.fenrique.com\/blog\/wp-json\/wp\/v2\/categories?post=1610"},{"taxonomy":"post_tag","embeddable":true,"href":"https:\/\/www.fenrique.com\/blog\/wp-json\/wp\/v2\/tags?post=1610"}],"curies":[{"name":"wp","href":"https:\/\/api.w.org\/{rel}","templated":true}]}}