{"id":1574,"date":"2010-04-26T20:16:54","date_gmt":"2010-04-26T18:16:54","guid":{"rendered":"http:\/\/www.fenrique.com\/blog\/?p=1574"},"modified":"2010-04-26T17:27:56","modified_gmt":"2010-04-26T15:27:56","slug":"la-cancion-del-lunes-12-musicmonday","status":"publish","type":"post","link":"https:\/\/www.fenrique.com\/blog\/2010\/04\/26\/la-cancion-del-lunes-12-musicmonday\/","title":{"rendered":"La canci\u00f3n del Lunes (12) #MusicMonday"},"content":{"rendered":"<p>Esta semana me ha dado por escuchar a esta chica, Ana L\u00f3pez, que seguro que cuando empez\u00f3 a cantar le dijeron que con ese nombre no se iba a comer una rosca musical y le cambiaron o se cambi\u00f3 por otro m\u00e1s acorde. Aunque me da a m\u00ed que la chica tiene que ser un poco borde y de ah\u00ed vendr\u00e1 su nombre art\u00edstico \u00abAnni B Sweet\u00bb (Anita s\u00e9 dulce). Pero bueno, dejo de hacer suposiciones\u00a0<span style=\"text-decoration: line-through;\"> y pajas<\/span> historias mentales y pongo ya la canci\u00f3n.<\/p>\n<p>Esta chica como digo va a llevar como una losa durante gran parte de su carrera el nombrecito que alguna gente ya le ha puesto y yo he le\u00eddo por ah\u00ed, la \u00abRussian Red 2\u00bb y algo de raz\u00f3n no le falta: voz suave y dulce, quiebros de voz (que ya quisiera Diana Navarro) y una versi\u00f3n de una canci\u00f3n de los 80. Para Anni B Sweet la versi\u00f3n ha sido ese Take On Me de los sueco A-Ha, de 1985. A ver qu\u00e9 os parece:<\/p>\n<object type=\"application\/x-shockwave-flash\" data=\"http:\/\/www.youtube.com\/v\/GJuwdcQlT1g\" width=\"450\" height=\"370\"><param name=\"movie\" value=\"http:\/\/www.youtube.com\/v\/GJuwdcQlT1g\" \/><param name=\"autostart\" value=\"true\" \/><param name=\"wmode\" value=\"transparent\" \/><\/object><br \/>\n<!-- generated by WordPress plugin Embedded Video -->\n\n<p>La letra:<\/p>\n<p><span style=\"font-family: Verdana; font-size: x-small;\">We&#8217;re talking away<br \/>\nI don&#8217;t know what<br \/>\nI&#8217;m to say I&#8217;ll say it anyway<br \/>\nToday&#8217;s another day to find you<br \/>\nShying away<br \/>\nI&#8217;ll be coming for your love, OK?<\/span><\/p>\n<p><span style=\"font-family: Verdana; font-size: x-small;\">Take on me, take me on<br \/>\nI&#8217;ll be gone<br \/>\nIn a day or two<\/span><\/p>\n<p><span style=\"font-family: Verdana; font-size: x-small;\">So needless to say<br \/>\nI&#8217;m odds and ends<br \/>\nBut that&#8217;s me stumbling away<br \/>\nSlowly learning that life is OK.<br \/>\nSay after me<br \/>\nIt&#8217;s no better to be safe than sorry<\/span><\/p>\n<p><span style=\"font-family: Verdana; font-size: x-small;\">Take on me, take me on<br \/>\nI&#8217;ll be gone<br \/>\nIn a day or two<\/span><\/p>\n<p><span style=\"font-family: Verdana; font-size: x-small;\">Oh the things that you say<br \/>\nIs it life or<br \/>\nJust a play my worries away<br \/>\nYou&#8217;re all the things I&#8217;ve got to<br \/>\nremember<br \/>\nYou&#8217;re shying away<br \/>\nI&#8217;ll be coming for you anyway<\/span><\/p>\n<p><span style=\"font-family: Verdana; font-size: x-small;\">Take on me, take me on<br \/>\nI&#8217;ll be gone<br \/>\nIn a day or two<\/span><\/p>\n<p><span style=\"font-family: Verdana; font-size: x-small;\">Por cierto, buscando la informaci\u00f3n en la Wikipedia de esta canci\u00f3n he visto por ah\u00ed que fue versionada, adem\u00e1s de por otra mucha gente, por el grupo Mago de Oz&#8230; de piedra me he quedado <a href=\"http:\/\/www.youtube.com\/watch?v=lMOw9LhA1ZA\" target=\"_blank\">escuchad, escuchad<\/a><br \/>\n<\/span><\/p>\n","protected":false},"excerpt":{"rendered":"<p>Esta semana me ha dado por escuchar a esta chica, Ana L\u00f3pez, que seguro que cuando empez\u00f3 a cantar le dijeron que con ese nombre no se iba a comer <a href=\"https:\/\/www.fenrique.com\/blog\/2010\/04\/26\/la-cancion-del-lunes-12-musicmonday\/\" class=\"more-link\">[&hellip;]<\/a><\/p>\n","protected":false},"author":2,"featured_media":0,"comment_status":"open","ping_status":"open","sticky":false,"template":"","format":"standard","meta":{"_exactmetrics_skip_tracking":false,"_exactmetrics_sitenote_active":false,"_exactmetrics_sitenote_note":"","_exactmetrics_sitenote_category":0,"Layout":"","jetpack_post_was_ever_published":false,"_jetpack_newsletter_access":"","_jetpack_dont_email_post_to_subs":false,"_jetpack_newsletter_tier_id":0,"_jetpack_memberships_contains_paywalled_content":false,"_jetpack_memberships_contains_paid_content":false,"footnotes":"","jetpack_publicize_message":"","jetpack_publicize_feature_enabled":true,"jetpack_social_post_already_shared":false,"jetpack_social_options":{"image_generator_settings":{"template":"highway","default_image_id":0,"font":"","enabled":false},"version":2}},"categories":[3161,3177],"tags":[3348,3347,606,3346],"class_list":["entry","author-fenrique","post-1574","post","type-post","status-publish","format-standard","category-musicmonday","category-la-cancion-del-lunes","tag-a-ha","tag-anni-b-sweet","tag-suecia","tag-take-on-me"],"jetpack_publicize_connections":[],"jetpack_featured_media_url":"","jetpack_shortlink":"https:\/\/wp.me\/p172Ei-po","jetpack_likes_enabled":true,"jetpack_sharing_enabled":true,"_links":{"self":[{"href":"https:\/\/www.fenrique.com\/blog\/wp-json\/wp\/v2\/posts\/1574","targetHints":{"allow":["GET"]}}],"collection":[{"href":"https:\/\/www.fenrique.com\/blog\/wp-json\/wp\/v2\/posts"}],"about":[{"href":"https:\/\/www.fenrique.com\/blog\/wp-json\/wp\/v2\/types\/post"}],"author":[{"embeddable":true,"href":"https:\/\/www.fenrique.com\/blog\/wp-json\/wp\/v2\/users\/2"}],"replies":[{"embeddable":true,"href":"https:\/\/www.fenrique.com\/blog\/wp-json\/wp\/v2\/comments?post=1574"}],"version-history":[{"count":2,"href":"https:\/\/www.fenrique.com\/blog\/wp-json\/wp\/v2\/posts\/1574\/revisions"}],"predecessor-version":[{"id":1576,"href":"https:\/\/www.fenrique.com\/blog\/wp-json\/wp\/v2\/posts\/1574\/revisions\/1576"}],"wp:attachment":[{"href":"https:\/\/www.fenrique.com\/blog\/wp-json\/wp\/v2\/media?parent=1574"}],"wp:term":[{"taxonomy":"category","embeddable":true,"href":"https:\/\/www.fenrique.com\/blog\/wp-json\/wp\/v2\/categories?post=1574"},{"taxonomy":"post_tag","embeddable":true,"href":"https:\/\/www.fenrique.com\/blog\/wp-json\/wp\/v2\/tags?post=1574"}],"curies":[{"name":"wp","href":"https:\/\/api.w.org\/{rel}","templated":true}]}}