{"id":1571,"date":"2010-04-27T08:29:34","date_gmt":"2010-04-27T06:29:34","guid":{"rendered":"http:\/\/www.fenrique.com\/blog\/?p=1571"},"modified":"2010-04-26T16:52:14","modified_gmt":"2010-04-26T14:52:14","slug":"una-forma-de-usar-el-macro-de-tu-camara-de-fotos-digital","status":"publish","type":"post","link":"https:\/\/www.fenrique.com\/blog\/2010\/04\/27\/una-forma-de-usar-el-macro-de-tu-camara-de-fotos-digital\/","title":{"rendered":"Una forma de usar el macro de tu c\u00e1mara de fotos digital"},"content":{"rendered":"<p>Antes de nada, debo deciros una cosa, y es que yo no soy, para nada, un experto en fotograf\u00eda, ni digital ni anal\u00f3gica. S\u00f3lo os comento una cosa que creo que a m\u00ed me ha salido bien (y me gusta) de hacer fotos con mis c\u00e1mara digitales, muy modestas, una <a href=\"http:\/\/www.digiklix.de\/wp-content\/uploads\/2007\/12\/ricoh_caplio_r7_1ein.jpg\" target=\"_blank\">Ricoh Caplio R7<\/a> y una <a href=\"http:\/\/i.i.com.com\/cnwk.1d\/sc\/31305784-2-440-camera+on-1.gif\" target=\"_blank\">K\u00f3nica Minolta Dimage z5<\/a>.<\/p>\n<p>El macro es la opci\u00f3n de la c\u00e1mara para hacer fotos a muy corta distancia y para objetos peque\u00f1os. Se usa para detalles, insectos, flores&#8230; y el icono o bot\u00f3n que os ten\u00e9is que encontrar en la c\u00e1mara es este:<\/p>\n<p><img loading=\"lazy\" decoding=\"async\" class=\"alignnone\" title=\"simbolo macro\" src=\"http:\/\/www.cnet.com.au\/story_media\/339285843\/11-macro.jpg\" alt=\"\" width=\"282\" height=\"176\" \/><\/p>\n<p>Pues bien, el ejemplo que os voy a ense\u00f1ar, me lo coment\u00f3 una vez, cuando estaba en Losar de la Vera, un usuario del NCC (Vidal) que viv\u00eda en Alemania y que es fot\u00f3grafo aficionado. \u00c9l hac\u00eda las fotos de una manera \u00abespecial\u00bb, y a lo mejor no os digo nada nuevo con esto, pero para m\u00ed era una novedad y hasta hace poco no he empezado a usarla, aunque sea muy sencillo y se pueda hacer con casi cualquier tipo de c\u00e1mara. Es as\u00ed:<\/p>\n<p>Una vez seleccionada la opci\u00f3n Macro, bajaremos al m\u00e1ximo la exposici\u00f3n y el ISO. En las c\u00e1maras m\u00e1s corrientes, lo primero se puede hacer con el s\u00edmbolo [<strong>+\/-<\/strong>].\u00a0Por \u00faltimo, pondremos el flash en una posici\u00f3n soft o suave(si nos lo permite la c\u00e1mara).<\/p>\n<p>Al hacer las fotos, en primer plano quedar\u00e1 muy bien iluminada la flor y al fondo no llegar\u00e1 la luz de ese flash suave, con lo que quedar\u00e1 oscuro (y difuminado). Los resultados son bastantes interesantes:<\/p>\n<p><a href=\"http:\/\/www.flickr.com\/photos\/fenrique\/4554219689\/sizes\/l\/in\/set-72157600013234817\/\" target=\"_blank\"><img loading=\"lazy\" decoding=\"async\" class=\"alignleft\" title=\"flor del cardo\" src=\"http:\/\/farm4.static.flickr.com\/3357\/4554219689_7fb960f5b7_m.jpg\" alt=\"\" width=\"240\" height=\"180\" \/><\/a><\/p>\n<p><a href=\"http:\/\/www.flickr.com\/photos\/fenrique\/4554213185\/sizes\/l\/in\/set-72157600013234817\/\" target=\"_blank\"><img loading=\"lazy\" decoding=\"async\" title=\"insecto\" src=\"http:\/\/farm4.static.flickr.com\/3469\/4554213185_924ba6c9a4_m.jpg\" alt=\"\" width=\"240\" height=\"180\" \/><\/a><a href=\"http:\/\/www.flickr.com\/photos\/fenrique\/4493676963\/sizes\/l\/in\/set-72157600013234817\/\" target=\"_blank\"><img loading=\"lazy\" decoding=\"async\" class=\"alignright\" title=\"gialo\" src=\"http:\/\/farm5.static.flickr.com\/4031\/4493676963_ec0e5ca4a0_m.jpg\" alt=\"\" width=\"240\" height=\"160\" \/><\/a><a href=\"http:\/\/www.flickr.com\/photos\/fenrique\/4520402611\/sizes\/l\/in\/set-72157600013234817\/\" target=\"_blank\"><img loading=\"lazy\" decoding=\"async\" class=\"alignnone\" title=\"flores\" src=\"http:\/\/farm3.static.flickr.com\/2743\/4520402611_d18645eb4b_m.jpg\" alt=\"\" width=\"240\" height=\"160\" \/><\/a><\/p>\n<div>Espero que esta t\u00e9cnica os resulte tan sencilla y pr\u00e1ctica como a m\u00ed. \u00bfOs han gustado las fotos?<\/div>\n","protected":false},"excerpt":{"rendered":"<p>Antes de nada, debo deciros una cosa, y es que yo no soy, para nada, un experto en fotograf\u00eda, ni digital ni anal\u00f3gica. S\u00f3lo os comento una cosa que creo <a href=\"https:\/\/www.fenrique.com\/blog\/2010\/04\/27\/una-forma-de-usar-el-macro-de-tu-camara-de-fotos-digital\/\" class=\"more-link\">[&hellip;]<\/a><\/p>\n","protected":false},"author":2,"featured_media":0,"comment_status":"open","ping_status":"open","sticky":false,"template":"","format":"standard","meta":{"_exactmetrics_skip_tracking":false,"_exactmetrics_sitenote_active":false,"_exactmetrics_sitenote_note":"","_exactmetrics_sitenote_category":0,"Layout":"","jetpack_post_was_ever_published":false,"_jetpack_newsletter_access":"","_jetpack_dont_email_post_to_subs":false,"_jetpack_newsletter_tier_id":0,"_jetpack_memberships_contains_paywalled_content":false,"_jetpack_memberships_contains_paid_content":false,"footnotes":"","jetpack_publicize_message":"","jetpack_publicize_feature_enabled":true,"jetpack_social_post_already_shared":false,"jetpack_social_options":{"image_generator_settings":{"template":"highway","default_image_id":0,"font":"","enabled":false},"version":2}},"categories":[2],"tags":[3343,3344,3345],"class_list":["entry","author-fenrique","post-1571","post","type-post","status-publish","format-standard","category-como-se-hace","tag-flores","tag-macro","tag-tecnica"],"jetpack_publicize_connections":[],"jetpack_featured_media_url":"","jetpack_shortlink":"https:\/\/wp.me\/p172Ei-pl","jetpack_likes_enabled":true,"jetpack_sharing_enabled":true,"_links":{"self":[{"href":"https:\/\/www.fenrique.com\/blog\/wp-json\/wp\/v2\/posts\/1571","targetHints":{"allow":["GET"]}}],"collection":[{"href":"https:\/\/www.fenrique.com\/blog\/wp-json\/wp\/v2\/posts"}],"about":[{"href":"https:\/\/www.fenrique.com\/blog\/wp-json\/wp\/v2\/types\/post"}],"author":[{"embeddable":true,"href":"https:\/\/www.fenrique.com\/blog\/wp-json\/wp\/v2\/users\/2"}],"replies":[{"embeddable":true,"href":"https:\/\/www.fenrique.com\/blog\/wp-json\/wp\/v2\/comments?post=1571"}],"version-history":[{"count":2,"href":"https:\/\/www.fenrique.com\/blog\/wp-json\/wp\/v2\/posts\/1571\/revisions"}],"predecessor-version":[{"id":1573,"href":"https:\/\/www.fenrique.com\/blog\/wp-json\/wp\/v2\/posts\/1571\/revisions\/1573"}],"wp:attachment":[{"href":"https:\/\/www.fenrique.com\/blog\/wp-json\/wp\/v2\/media?parent=1571"}],"wp:term":[{"taxonomy":"category","embeddable":true,"href":"https:\/\/www.fenrique.com\/blog\/wp-json\/wp\/v2\/categories?post=1571"},{"taxonomy":"post_tag","embeddable":true,"href":"https:\/\/www.fenrique.com\/blog\/wp-json\/wp\/v2\/tags?post=1571"}],"curies":[{"name":"wp","href":"https:\/\/api.w.org\/{rel}","templated":true}]}}