{"id":1511,"date":"2010-03-21T08:48:15","date_gmt":"2010-03-21T07:48:15","guid":{"rendered":"http:\/\/www.fenrique.com\/blog\/?p=1511"},"modified":"2010-03-19T10:02:15","modified_gmt":"2010-03-19T09:02:15","slug":"mi-proyecto-365-365-bicis","status":"publish","type":"post","link":"https:\/\/www.fenrique.com\/blog\/2010\/03\/21\/mi-proyecto-365-365-bicis\/","title":{"rendered":"Mi proyecto 365, 365 bicis"},"content":{"rendered":"<p>Cuando hice la <a href=\"http:\/\/www.fenrique.com\/blog\/2009\/11\/28\/hoy-presento-a-desiree-delgado\/\" target=\"_blank\">entrevista a Desir\u00e9e Delgado<\/a> vi que acababa de terminar su <a href=\"http:\/\/www.fotografiad.com\/proyecto-365-una-excelente-idea\/\" target=\"_blank\">proyecto 365<\/a>, o lo que es lo mismo, hacer cada d\u00eda de un a\u00f1o una fotograf\u00eda y publicarla.<\/p>\n<p>Hace un par de semanas me puse en contacto con ella para hacerle algunas preguntillas para terminar de decidirme, y poco despu\u00e9s me puse en marcha. Llevo ahora 11 d\u00edas desde que empec\u00e9 mi propio 365!<\/p>\n<p>Debido a mi m\u00e1s que afici\u00f3n al ciclismo, ten\u00eda claro la tem\u00e1tica para las fotos. En lugar de que fueran fotos porque s\u00ed, las bicicletas tendr\u00edan todo el protagonismo en este proyecto. Por eso, en todas y cada una de las fotos que realice, saldr\u00e1, al menos, una bicicleta.<\/p>\n<p>La galer\u00eda con las fotos est\u00e1 en mi web personal, no en el blog, en la direcci\u00f3n http:\/\/365.fenrique.com<\/p>\n<p><a href=\"http:\/\/fenrique.com\/index.php?option=com_wbgallery&amp;cid=11&amp;Itemid=88\" target=\"_blank\"><img loading=\"lazy\" decoding=\"async\" class=\"alignnone\" title=\"365\" src=\"http:\/\/farm5.static.flickr.com\/4051\/4444511183_6023267c78.jpg\" alt=\"\" width=\"500\" height=\"390\" \/><\/a><\/p>\n<p>La primera foto, ten\u00eda claro que ser\u00eda dedicada para Pedro, de Ciclos Rueda, por todo lo que me ayuda a que pueda dedicarme a montar en bici.<\/p>\n<p>Espero que os gusten y si ten\u00e9is alguna idea o quer\u00e9is salir aqu\u00ed, s\u00f3lo ten\u00e9is que dec\u00edrmelo.<\/p>\n","protected":false},"excerpt":{"rendered":"<p>Cuando hice la entrevista a Desir\u00e9e Delgado vi que acababa de terminar su proyecto 365, o lo que es lo mismo, hacer cada d\u00eda de un a\u00f1o una fotograf\u00eda y <a href=\"https:\/\/www.fenrique.com\/blog\/2010\/03\/21\/mi-proyecto-365-365-bicis\/\" class=\"more-link\">[&hellip;]<\/a><\/p>\n","protected":false},"author":2,"featured_media":0,"comment_status":"open","ping_status":"open","sticky":false,"template":"","format":"standard","meta":{"_exactmetrics_skip_tracking":false,"_exactmetrics_sitenote_active":false,"_exactmetrics_sitenote_note":"","_exactmetrics_sitenote_category":0,"Layout":"","jetpack_post_was_ever_published":false,"_jetpack_newsletter_access":"","_jetpack_dont_email_post_to_subs":false,"_jetpack_newsletter_tier_id":0,"_jetpack_memberships_contains_paywalled_content":false,"_jetpack_memberships_contains_paid_content":false,"footnotes":"","jetpack_publicize_message":"","jetpack_publicize_feature_enabled":true,"jetpack_social_post_already_shared":false,"jetpack_social_options":{"image_generator_settings":{"template":"highway","default_image_id":0,"font":"","enabled":false},"version":2}},"categories":[101,3,7,31,5],"tags":[3314,541,3315,182,1306,1053],"class_list":["entry","author-fenrique","post-1511","post","type-post","status-publish","format-standard","category-deprisa-y-corriendo","category-expofoto","category-fenrique-piensa-que","category-haciendo-deporte","category-personal-y-transferible","tag-3314","tag-bici","tag-bicicletas","tag-ciclismo","tag-fotografia","tag-fotos"],"jetpack_publicize_connections":[],"jetpack_featured_media_url":"","jetpack_shortlink":"https:\/\/wp.me\/p172Ei-on","jetpack_likes_enabled":true,"jetpack_sharing_enabled":true,"_links":{"self":[{"href":"https:\/\/www.fenrique.com\/blog\/wp-json\/wp\/v2\/posts\/1511","targetHints":{"allow":["GET"]}}],"collection":[{"href":"https:\/\/www.fenrique.com\/blog\/wp-json\/wp\/v2\/posts"}],"about":[{"href":"https:\/\/www.fenrique.com\/blog\/wp-json\/wp\/v2\/types\/post"}],"author":[{"embeddable":true,"href":"https:\/\/www.fenrique.com\/blog\/wp-json\/wp\/v2\/users\/2"}],"replies":[{"embeddable":true,"href":"https:\/\/www.fenrique.com\/blog\/wp-json\/wp\/v2\/comments?post=1511"}],"version-history":[{"count":1,"href":"https:\/\/www.fenrique.com\/blog\/wp-json\/wp\/v2\/posts\/1511\/revisions"}],"predecessor-version":[{"id":1512,"href":"https:\/\/www.fenrique.com\/blog\/wp-json\/wp\/v2\/posts\/1511\/revisions\/1512"}],"wp:attachment":[{"href":"https:\/\/www.fenrique.com\/blog\/wp-json\/wp\/v2\/media?parent=1511"}],"wp:term":[{"taxonomy":"category","embeddable":true,"href":"https:\/\/www.fenrique.com\/blog\/wp-json\/wp\/v2\/categories?post=1511"},{"taxonomy":"post_tag","embeddable":true,"href":"https:\/\/www.fenrique.com\/blog\/wp-json\/wp\/v2\/tags?post=1511"}],"curies":[{"name":"wp","href":"https:\/\/api.w.org\/{rel}","templated":true}]}}