{"id":1472,"date":"2010-02-26T16:25:49","date_gmt":"2010-02-26T15:25:49","guid":{"rendered":"http:\/\/www.fenrique.com\/blog\/?p=1472"},"modified":"2010-02-26T13:44:15","modified_gmt":"2010-02-26T12:44:15","slug":"%c2%a1viva-antonio-homenaje-a-antonio-vega-entradas-a-la-venta","status":"publish","type":"post","link":"https:\/\/www.fenrique.com\/blog\/2010\/02\/26\/%c2%a1viva-antonio-homenaje-a-antonio-vega-entradas-a-la-venta\/","title":{"rendered":"\u00a1Viva Antonio! Homenaje a Antonio Vega (Entradas a la venta)"},"content":{"rendered":"<p style=\"text-align: justify;\">El pr\u00f3ximo 9 de abril, viernes, en el Palacio de los Deportes de la Comunidad de Madrid, se celebrar\u00e1 un macro concierto en homenaje a uno de los m\u00e1s grandes m\u00fasicos que ha dado este pa\u00eds, Antonio Vega, organizado por su hermano Carlos y su primo y tambi\u00e9n componente de Nacha Pop, Nacho Garc\u00eda Vega (<a href=\"http:\/\/www.popes80.com\/noticias.php?id=1930\" target=\"_blank\">ver noticia<\/a>).<\/p>\n<p style=\"text-align: justify;\">El concierto, cuyas entradas ya se pueden adquirir, al precio de aprox. 25 euros, en <a href=\"http:\/\/www.ticktackticket.com\/entradas\/goto.do?claves=.28420\" target=\"_blank\">ticketmaster<\/a>, contar\u00e1 con la presencia de algunos de los m\u00e1s representativos artistas de su \u00e9poca y la actual, como Manolo Garc\u00eda, Ketama, Miguel R\u00edos&#8230; en total, m\u00e1s de 20 artistas y con la base de la banda original que acompa\u00f1aba a Antonio Vega.<\/p>\n<p style=\"text-align: justify;\">Adem\u00e1s, los beneficios ir\u00e1n destinados a la Fundaci\u00f3n Antonio Vega y a las <a href=\"http:\/\/heur.uv.es\/nicaragua\/\" target=\"_blank\"><span style=\"text-decoration: underline;\">Escoles de Nicaragua<\/span><\/a>, con quien el artista ya estaba comprometido, junto con su compa\u00f1era Marga.<\/p>\n<p style=\"text-align: justify; padding-left: 30px;\"><span style=\"color: #333399;\"><em>Han pasado ya nueve meses desde que Antonio Vega nos dej\u00f3 pero somos muchos los que sentimos cada d\u00eda su ausencia. Lo \u00fanico que en este tiempo ha conseguido llenar el vac\u00edo de su persona es su m\u00fasica. Antonio hizo canciones durante treinta a\u00f1os pero el eco de su obra durar\u00e1 siempre. Ahora sus letras y melod\u00edas, su guitarra y su voz inician un nuevo recorrido por la l\u00ednea del tiempo. Su m\u00fasica camina y se expande ya sin \u00e9l, pero no sola. Pocos artistas han sabido generar tanta admiraci\u00f3n, respeto y cari\u00f1o por parte de compa\u00f1eros y colegas de profesi\u00f3n como \u00e9l y por eso este homenaje era algo necesario.<\/em><\/span><\/p>\n<p style=\"text-align: justify;\"><span style=\"color: #333399;\"><em><img loading=\"lazy\" decoding=\"async\" class=\"alignnone\" title=\"antonio vega\" src=\"http:\/\/farm4.static.flickr.com\/3653\/3525305855_5fd919eef7.jpg\" alt=\"\" width=\"500\" height=\"343\" \/><\/em><\/span><\/p>\n<h5 style=\"text-align: justify;\"><span style=\"color: #333399;\"><em>foto: flickr de <a href=\"http:\/\/www.flickr.com\/photos\/kastoris\/\" target=\"_blank\">Kastoris<\/a><br \/>\n<\/em><\/span><\/h5>\n","protected":false},"excerpt":{"rendered":"<p>El pr\u00f3ximo 9 de abril, viernes, en el Palacio de los Deportes de la Comunidad de Madrid, se celebrar\u00e1 un macro concierto en homenaje a uno de los m\u00e1s grandes <a href=\"https:\/\/www.fenrique.com\/blog\/2010\/02\/26\/%c2%a1viva-antonio-homenaje-a-antonio-vega-entradas-a-la-venta\/\" class=\"more-link\">[&hellip;]<\/a><\/p>\n","protected":false},"author":2,"featured_media":0,"comment_status":"open","ping_status":"open","sticky":false,"template":"","format":"standard","meta":{"_exactmetrics_skip_tracking":false,"_exactmetrics_sitenote_active":false,"_exactmetrics_sitenote_note":"","_exactmetrics_sitenote_category":0,"Layout":"","jetpack_post_was_ever_published":false,"_jetpack_newsletter_access":"","_jetpack_dont_email_post_to_subs":false,"_jetpack_newsletter_tier_id":0,"_jetpack_memberships_contains_paywalled_content":false,"_jetpack_memberships_contains_paid_content":false,"footnotes":"","jetpack_publicize_message":"","jetpack_publicize_feature_enabled":true,"jetpack_social_post_already_shared":false,"jetpack_social_options":{"image_generator_settings":{"template":"highway","default_image_id":0,"font":"","enabled":false},"version":2}},"categories":[11,233,5],"tags":[2514,2956,91,3283],"class_list":["entry","author-fenrique","post-1472","post","type-post","status-publish","format-standard","category-de-viaje","category-manolo-garcia","category-personal-y-transferible","tag-antonio-vega","tag-homenaje","tag-madrid","tag-palacio-de-los-deportes"],"jetpack_publicize_connections":[],"jetpack_featured_media_url":"","jetpack_shortlink":"https:\/\/wp.me\/p172Ei-nK","jetpack_likes_enabled":true,"jetpack_sharing_enabled":true,"_links":{"self":[{"href":"https:\/\/www.fenrique.com\/blog\/wp-json\/wp\/v2\/posts\/1472","targetHints":{"allow":["GET"]}}],"collection":[{"href":"https:\/\/www.fenrique.com\/blog\/wp-json\/wp\/v2\/posts"}],"about":[{"href":"https:\/\/www.fenrique.com\/blog\/wp-json\/wp\/v2\/types\/post"}],"author":[{"embeddable":true,"href":"https:\/\/www.fenrique.com\/blog\/wp-json\/wp\/v2\/users\/2"}],"replies":[{"embeddable":true,"href":"https:\/\/www.fenrique.com\/blog\/wp-json\/wp\/v2\/comments?post=1472"}],"version-history":[{"count":5,"href":"https:\/\/www.fenrique.com\/blog\/wp-json\/wp\/v2\/posts\/1472\/revisions"}],"predecessor-version":[{"id":1474,"href":"https:\/\/www.fenrique.com\/blog\/wp-json\/wp\/v2\/posts\/1472\/revisions\/1474"}],"wp:attachment":[{"href":"https:\/\/www.fenrique.com\/blog\/wp-json\/wp\/v2\/media?parent=1472"}],"wp:term":[{"taxonomy":"category","embeddable":true,"href":"https:\/\/www.fenrique.com\/blog\/wp-json\/wp\/v2\/categories?post=1472"},{"taxonomy":"post_tag","embeddable":true,"href":"https:\/\/www.fenrique.com\/blog\/wp-json\/wp\/v2\/tags?post=1472"}],"curies":[{"name":"wp","href":"https:\/\/api.w.org\/{rel}","templated":true}]}}