{"id":1348,"date":"2010-01-11T09:50:20","date_gmt":"2010-01-11T08:50:20","guid":{"rendered":"http:\/\/www.fenrique.com\/blog\/?p=1348"},"modified":"2010-01-11T09:50:20","modified_gmt":"2010-01-11T08:50:20","slug":"mis-fotos-de-la-nevada-de-ayer-en-caceres","status":"publish","type":"post","link":"https:\/\/www.fenrique.com\/blog\/2010\/01\/11\/mis-fotos-de-la-nevada-de-ayer-en-caceres\/","title":{"rendered":"Mis fotos de la nevada de ayer en C\u00e1ceres"},"content":{"rendered":"<p>Ayer, por si alguien a\u00fan no se ha enterado, cay\u00f3 una enorme nevada sobre C\u00e1ceres. Por lo que dicen, no se recuerda una nevada tan fuerte desde hace muchos a\u00f1os, as\u00ed que hab\u00eda que \u00abinmortalizar\u00bb el momento. No fue una idea muy original, la de hacer fotos a la nevada, como os pod\u00e9is imaginar, as\u00ed que hab\u00eda que buscar \u00abenfoques\u00bb diferentes. Espero que os gusten las que hice (haz click en la foto para entrar en la galer\u00eda):<\/p>\n<p><a href=\"http:\/\/www.flickr.com\/photos\/fenrique\/sets\/72157623183115494\/\" target=\"_blank\"><img loading=\"lazy\" decoding=\"async\" class=\"alignnone\" title=\"el indio bajo la nieve\" src=\"http:\/\/farm5.static.flickr.com\/4006\/4263984576_494d13b410_m.jpg\" alt=\"\" width=\"240\" height=\"180\" \/><\/a><\/p>\n<p>Por cierto, ayer tambi\u00e9n se me ocurri\u00f3 subir al mirador de la Virgen de la Monta\u00f1a a ver el panorama desde all\u00ed&#8230; menos mal que al final no fui, porque unos 40 coches estuvieron atrapados en la subida durante m\u00e1s de una hora, debido a las placas de hielo en la carretera!.<\/p>\n<p>Hoy sigue todo bastante blanco, pero ya con las carreteras limpias, que aunque, se ha aplazado la reuni\u00f3n que ten\u00edamos en Casar de C\u00e1ceres, no ha impedido que vengamos a trabajar hoy (en Aldea Moret)<\/p>\n","protected":false},"excerpt":{"rendered":"<p>Ayer, por si alguien a\u00fan no se ha enterado, cay\u00f3 una enorme nevada sobre C\u00e1ceres. Por lo que dicen, no se recuerda una nevada tan fuerte desde hace muchos a\u00f1os, <a href=\"https:\/\/www.fenrique.com\/blog\/2010\/01\/11\/mis-fotos-de-la-nevada-de-ayer-en-caceres\/\" class=\"more-link\">[&hellip;]<\/a><\/p>\n","protected":false},"author":2,"featured_media":0,"comment_status":"open","ping_status":"open","sticky":false,"template":"","format":"standard","meta":{"_exactmetrics_skip_tracking":false,"_exactmetrics_sitenote_active":false,"_exactmetrics_sitenote_note":"","_exactmetrics_sitenote_category":0,"Layout":"","jetpack_post_was_ever_published":false,"_jetpack_newsletter_access":"","_jetpack_dont_email_post_to_subs":false,"_jetpack_newsletter_tier_id":0,"_jetpack_memberships_contains_paywalled_content":false,"_jetpack_memberships_contains_paid_content":false,"footnotes":"","jetpack_publicize_message":"","jetpack_publicize_feature_enabled":true,"jetpack_social_post_already_shared":false,"jetpack_social_options":{"image_generator_settings":{"template":"highway","default_image_id":0,"font":"","enabled":false},"version":2}},"categories":[3,5],"tags":[2909,4742,3175,3176,3174],"class_list":["entry","author-fenrique","post-1348","post","type-post","status-publish","format-standard","category-expofoto","category-personal-y-transferible","tag-2909","tag-caceres","tag-enero","tag-nevada","tag-nieve"],"jetpack_publicize_connections":[],"jetpack_featured_media_url":"","jetpack_shortlink":"https:\/\/wp.me\/p172Ei-lK","jetpack_likes_enabled":true,"jetpack_sharing_enabled":true,"_links":{"self":[{"href":"https:\/\/www.fenrique.com\/blog\/wp-json\/wp\/v2\/posts\/1348","targetHints":{"allow":["GET"]}}],"collection":[{"href":"https:\/\/www.fenrique.com\/blog\/wp-json\/wp\/v2\/posts"}],"about":[{"href":"https:\/\/www.fenrique.com\/blog\/wp-json\/wp\/v2\/types\/post"}],"author":[{"embeddable":true,"href":"https:\/\/www.fenrique.com\/blog\/wp-json\/wp\/v2\/users\/2"}],"replies":[{"embeddable":true,"href":"https:\/\/www.fenrique.com\/blog\/wp-json\/wp\/v2\/comments?post=1348"}],"version-history":[{"count":1,"href":"https:\/\/www.fenrique.com\/blog\/wp-json\/wp\/v2\/posts\/1348\/revisions"}],"predecessor-version":[{"id":1349,"href":"https:\/\/www.fenrique.com\/blog\/wp-json\/wp\/v2\/posts\/1348\/revisions\/1349"}],"wp:attachment":[{"href":"https:\/\/www.fenrique.com\/blog\/wp-json\/wp\/v2\/media?parent=1348"}],"wp:term":[{"taxonomy":"category","embeddable":true,"href":"https:\/\/www.fenrique.com\/blog\/wp-json\/wp\/v2\/categories?post=1348"},{"taxonomy":"post_tag","embeddable":true,"href":"https:\/\/www.fenrique.com\/blog\/wp-json\/wp\/v2\/tags?post=1348"}],"curies":[{"name":"wp","href":"https:\/\/api.w.org\/{rel}","templated":true}]}}