{"id":1337,"date":"2010-01-03T13:37:33","date_gmt":"2010-01-03T12:37:33","guid":{"rendered":"http:\/\/www.fenrique.com\/blog\/?p=1337"},"modified":"2010-01-03T13:46:55","modified_gmt":"2010-01-03T12:46:55","slug":"manolo-garcia-y-quimi-portet-juntos-en-el-concierto-homenaje-a-marc-grau","status":"publish","type":"post","link":"https:\/\/www.fenrique.com\/blog\/2010\/01\/03\/manolo-garcia-y-quimi-portet-juntos-en-el-concierto-homenaje-a-marc-grau\/","title":{"rendered":"Manolo Garc\u00eda y Quimi Portet en el concierto homenaje a Marc Grau"},"content":{"rendered":"<p style=\"text-align: justify;\">El pr\u00f3ximo martes 26 de enero, en la Sala Bikini de Barcelona (ver <a href=\"http:\/\/www.facebook.com\/home.php?ref=home#\/event.php?eid=224331068475&amp;ref=nf\" target=\"_blank\">evento en Facebook<\/a>), tendr\u00e1 lugar un concierto homenaje con motivo del 10\u00ba Aniversario de la muerte del m\u00fasico catal\u00e1n <span style=\"text-decoration: underline;\"><a href=\"http:\/\/ca.wikipedia.org\/wiki\/Marc_Grau\" target=\"_blank\">Marc Grau<\/a><\/span>. En una gala presentada por el c\u00f3mico Santi Mill\u00e1n, se dar\u00e1n cita algunos de los m\u00fasicos con los que Grau colabor\u00f3 durante su carrera musical, entre los que se encuentran:<\/p>\n<p style=\"text-align: justify;\">&#8211; Els Pets<br \/>\n&#8211; <strong>Manolo Garc\u00eda<\/strong><br \/>\n&#8211; Gerard Quintana<br \/>\n&#8211; Joan Masdeu<br \/>\n&#8211; <strong>Quimi Portet<\/strong><br \/>\n&#8211; Pedro Javier Gonz\u00e1lez<br \/>\n&#8211; Los Rotos<br \/>\n&#8211; Jordi Batiste<\/p>\n<p style=\"text-align: justify;\">La entrada cuesta 8\u20ac (se puede conseguir <a href=\"http:\/\/www.ticktackticket.com\/entradas\/goto.do?claves=.27233&amp;origin=TTT\" target=\"_blank\"><span style=\"text-decoration: underline;\">a trav\u00e9s de ticketmaster<\/span><\/a>) y los beneficios ir\u00e1n destinados a Catalunya Contra el C\u00e1ncer.<\/p>\n<p style=\"text-align: justify;\"><img loading=\"lazy\" decoding=\"async\" class=\"alignnone\" title=\"homenaje a marc grau\" src=\"http:\/\/farm5.static.flickr.com\/4033\/4239870049_54859856cb_o.jpg\" alt=\"\" width=\"431\" height=\"604\" \/><\/p>\n<p style=\"text-align: justify;\">Una cita imprescindible, por la memoria del m\u00fasico y por ver en el mismo escenario, el mismo d\u00eda, despu\u00e9s de muchos a\u00f1os (aunque dudo mucho que lo hagan de forma simult\u00e1nea) a los componentes de El \u00daltimo de la Fila, Manolo Garc\u00eda y Quimi Portet<\/p>\n<p style=\"text-align: justify;\">Os dejo con una actuaci\u00f3n en directo de El Ultimo de la Fila en 1988 (La piedra redonda &#8211; <a href=\"http:\/\/letras.terra.com.br\/el-ultimo-de-la-fila\/327544\/\" target=\"_blank\"><span style=\"text-decoration: underline;\">Letra<\/span><\/a>), donde el primero en salir en el video (con guitarra oscura) es el propio Marc Grau:<\/p>\n<p style=\"text-align: justify;\"><object type=\"application\/x-shockwave-flash\" data=\"http:\/\/www.youtube.com\/v\/57XnpFb4baQ\" width=\"450\" height=\"370\"><param name=\"movie\" value=\"http:\/\/www.youtube.com\/v\/57XnpFb4baQ\" \/><param name=\"autostart\" value=\"true\" \/><param name=\"wmode\" value=\"transparent\" \/><\/object><br \/>\n<!-- generated by WordPress plugin Embedded Video -->\n<\/p>\n","protected":false},"excerpt":{"rendered":"<p>El pr\u00f3ximo martes 26 de enero, en la Sala Bikini de Barcelona (ver evento en Facebook), tendr\u00e1 lugar un concierto homenaje con motivo del 10\u00ba Aniversario de la muerte del <a href=\"https:\/\/www.fenrique.com\/blog\/2010\/01\/03\/manolo-garcia-y-quimi-portet-juntos-en-el-concierto-homenaje-a-marc-grau\/\" class=\"more-link\">[&hellip;]<\/a><\/p>\n","protected":false},"author":2,"featured_media":0,"comment_status":"open","ping_status":"open","sticky":false,"template":"","format":"standard","meta":{"_exactmetrics_skip_tracking":false,"_exactmetrics_sitenote_active":false,"_exactmetrics_sitenote_note":"","_exactmetrics_sitenote_category":0,"Layout":"","jetpack_post_was_ever_published":false,"_jetpack_newsletter_access":"","_jetpack_dont_email_post_to_subs":false,"_jetpack_newsletter_tier_id":0,"_jetpack_memberships_contains_paywalled_content":false,"_jetpack_memberships_contains_paid_content":false,"footnotes":"","jetpack_publicize_message":"","jetpack_publicize_feature_enabled":true,"jetpack_social_post_already_shared":false,"jetpack_social_options":{"image_generator_settings":{"template":"highway","default_image_id":0,"font":"","enabled":false},"version":2}},"categories":[233,5],"tags":[114,3163,280,2956,4745,3162,283,3164],"class_list":["entry","author-fenrique","post-1337","post","type-post","status-publish","format-standard","category-manolo-garcia","category-personal-y-transferible","tag-barcelona","tag-contra-el-cancer","tag-el-ultimo-de-la-fila","tag-homenaje","tag-manolo-garcia","tag-marc-grau","tag-quimi-portet","tag-sala-bikini"],"jetpack_publicize_connections":[],"jetpack_featured_media_url":"","jetpack_shortlink":"https:\/\/wp.me\/p172Ei-lz","jetpack_likes_enabled":true,"jetpack_sharing_enabled":true,"_links":{"self":[{"href":"https:\/\/www.fenrique.com\/blog\/wp-json\/wp\/v2\/posts\/1337","targetHints":{"allow":["GET"]}}],"collection":[{"href":"https:\/\/www.fenrique.com\/blog\/wp-json\/wp\/v2\/posts"}],"about":[{"href":"https:\/\/www.fenrique.com\/blog\/wp-json\/wp\/v2\/types\/post"}],"author":[{"embeddable":true,"href":"https:\/\/www.fenrique.com\/blog\/wp-json\/wp\/v2\/users\/2"}],"replies":[{"embeddable":true,"href":"https:\/\/www.fenrique.com\/blog\/wp-json\/wp\/v2\/comments?post=1337"}],"version-history":[{"count":2,"href":"https:\/\/www.fenrique.com\/blog\/wp-json\/wp\/v2\/posts\/1337\/revisions"}],"predecessor-version":[{"id":1339,"href":"https:\/\/www.fenrique.com\/blog\/wp-json\/wp\/v2\/posts\/1337\/revisions\/1339"}],"wp:attachment":[{"href":"https:\/\/www.fenrique.com\/blog\/wp-json\/wp\/v2\/media?parent=1337"}],"wp:term":[{"taxonomy":"category","embeddable":true,"href":"https:\/\/www.fenrique.com\/blog\/wp-json\/wp\/v2\/categories?post=1337"},{"taxonomy":"post_tag","embeddable":true,"href":"https:\/\/www.fenrique.com\/blog\/wp-json\/wp\/v2\/tags?post=1337"}],"curies":[{"name":"wp","href":"https:\/\/api.w.org\/{rel}","templated":true}]}}