{"id":1330,"date":"2010-01-04T09:09:12","date_gmt":"2010-01-04T08:09:12","guid":{"rendered":"http:\/\/www.fenrique.com\/blog\/?p=1330"},"modified":"2010-01-03T11:22:17","modified_gmt":"2010-01-03T10:22:17","slug":"wordpress-y-el-dni-electronico","status":"publish","type":"post","link":"https:\/\/www.fenrique.com\/blog\/2010\/01\/04\/wordpress-y-el-dni-electronico\/","title":{"rendered":"WordPress y el DNI electr\u00f3nico"},"content":{"rendered":"<p>Una de los puntos estrat\u00e9gicos que tenemos en el Plan de Alfabetizaci\u00f3n Tecnol\u00f3gica de Extremadura, del cual formo parte, es el uso de las TICs en la Administraci\u00f3n, es decir, que la usen para interactuar\u00a0 en las webs oficiales y los servicios que ofrecen.<\/p>\n<p>Una de las principales herramientas puestas a disposici\u00f3n de la ciudadan\u00eda para esa labor, adem\u00e1s de la firma digital de la FNMT, es el DNI electr\u00f3nico. Desde hace unos meses, varias iniciativas est\u00e1n repartiendo entre la gente los lectores de dni-e, principalmente Tractis, <a href=\"http:\/\/www.fenrique.com\/blog\/2009\/12\/30\/consigue-un-lector-de-dni-electronico-gratis\/\" target=\"_blank\">como ya coment\u00e9 d\u00edas atr\u00e1s<\/a>.<\/p>\n<p>El DNIe lo que pretende es identificar lo m\u00e1s fiablemente posible al visitante de esas webs, entonces, \u00bfPor qu\u00e9 no aplicarlo tambi\u00e9n a otros tipos de webs no oficiales?.<\/p>\n<p>En ese sentido, Tractis ha lanzado <a href=\"http:\/\/wordpress.org\/extend\/plugins\/tractis-identity-verifications\/\" target=\"_blank\"><span style=\"text-decoration: underline;\">un plugin para el CMS WordPress<\/span><\/a> para identificar a los \u00abcomentaristas\u00bb de los blogs autoalojados, es decir, que tengan WordPress alojado en un servidor propio (como este blog, por ejemplo) mediante el dni-e. El modo de funcionamiento aunque no es sencillo, siguiendo los pasos, no tendr\u00e1 mucha dificultad. M\u00edra todo el proceso de instalaci\u00f3n y activaci\u00f3n en la web <a href=\"http:\/\/www.todowp.org\/permite-a-tus-usuarios-comentar-con-su-dnie-gracias-a-tractis\/\" target=\"_blank\">TodoWP.org<\/a> y en la propia<a href=\"https:\/\/www.tractis.com\/help\/?p=4145\" target=\"_blank\"><span style=\"text-decoration: underline;\"> web de Tractis<\/span><\/a><\/p>\n","protected":false},"excerpt":{"rendered":"<p>Una de los puntos estrat\u00e9gicos que tenemos en el Plan de Alfabetizaci\u00f3n Tecnol\u00f3gica de Extremadura, del cual formo parte, es el uso de las TICs en la Administraci\u00f3n, es decir, <a href=\"https:\/\/www.fenrique.com\/blog\/2010\/01\/04\/wordpress-y-el-dni-electronico\/\" class=\"more-link\">[&hellip;]<\/a><\/p>\n","protected":false},"author":2,"featured_media":0,"comment_status":"open","ping_status":"open","sticky":false,"template":"","format":"standard","meta":{"_exactmetrics_skip_tracking":false,"_exactmetrics_sitenote_active":false,"_exactmetrics_sitenote_note":"","_exactmetrics_sitenote_category":0,"Layout":"","jetpack_post_was_ever_published":false,"_jetpack_newsletter_access":"","_jetpack_dont_email_post_to_subs":false,"_jetpack_newsletter_tier_id":0,"_jetpack_memberships_contains_paywalled_content":false,"_jetpack_memberships_contains_paid_content":false,"footnotes":"","jetpack_publicize_message":"","jetpack_publicize_feature_enabled":true,"jetpack_social_post_already_shared":false,"jetpack_social_options":{"image_generator_settings":{"template":"highway","default_image_id":0,"font":"","enabled":false},"version":2}},"categories":[2,5],"tags":[2852,3156,2854,1070],"class_list":["entry","author-fenrique","post-1330","post","type-post","status-publish","format-standard","category-como-se-hace","category-personal-y-transferible","tag-dni-electronico","tag-dni-e","tag-tractis","tag-wordpress"],"jetpack_publicize_connections":[],"jetpack_featured_media_url":"","jetpack_shortlink":"https:\/\/wp.me\/p172Ei-ls","jetpack_likes_enabled":true,"jetpack_sharing_enabled":true,"_links":{"self":[{"href":"https:\/\/www.fenrique.com\/blog\/wp-json\/wp\/v2\/posts\/1330","targetHints":{"allow":["GET"]}}],"collection":[{"href":"https:\/\/www.fenrique.com\/blog\/wp-json\/wp\/v2\/posts"}],"about":[{"href":"https:\/\/www.fenrique.com\/blog\/wp-json\/wp\/v2\/types\/post"}],"author":[{"embeddable":true,"href":"https:\/\/www.fenrique.com\/blog\/wp-json\/wp\/v2\/users\/2"}],"replies":[{"embeddable":true,"href":"https:\/\/www.fenrique.com\/blog\/wp-json\/wp\/v2\/comments?post=1330"}],"version-history":[{"count":1,"href":"https:\/\/www.fenrique.com\/blog\/wp-json\/wp\/v2\/posts\/1330\/revisions"}],"predecessor-version":[{"id":1331,"href":"https:\/\/www.fenrique.com\/blog\/wp-json\/wp\/v2\/posts\/1330\/revisions\/1331"}],"wp:attachment":[{"href":"https:\/\/www.fenrique.com\/blog\/wp-json\/wp\/v2\/media?parent=1330"}],"wp:term":[{"taxonomy":"category","embeddable":true,"href":"https:\/\/www.fenrique.com\/blog\/wp-json\/wp\/v2\/categories?post=1330"},{"taxonomy":"post_tag","embeddable":true,"href":"https:\/\/www.fenrique.com\/blog\/wp-json\/wp\/v2\/tags?post=1330"}],"curies":[{"name":"wp","href":"https:\/\/api.w.org\/{rel}","templated":true}]}}