{"id":1286,"date":"2009-12-26T20:24:59","date_gmt":"2009-12-26T19:24:59","guid":{"rendered":"http:\/\/www.fenrique.com\/blog\/?p=1286"},"modified":"2009-12-26T20:28:51","modified_gmt":"2009-12-26T19:28:51","slug":"la-cancion-del-finde-87","status":"publish","type":"post","link":"https:\/\/www.fenrique.com\/blog\/2009\/12\/26\/la-cancion-del-finde-87\/","title":{"rendered":"La canci\u00f3n del finde (87)"},"content":{"rendered":"<p>Hace ya unas semanas que tengo \u00abun poco aparcado\u00bb el homenaje a mis amigos que fueron a la obra de teatro, en el mes de septiembre, de la compa\u00f1\u00eda teatral de mi amigo C\u00e9sar. Mitad es por dejadez m\u00eda, y mitad porque las personas que faltan no me hab\u00edan dicho qu\u00e9 canci\u00f3n quer\u00edan.<\/p>\n<p>De las dos personas que quedan, hoy es el turno de <strong>MariMar<\/strong>, que hace mucho ya que no veo, a\u00f1o y medio, desde el cumplea\u00f1os de Paco de 2008 (Tambi\u00e9n hay que poner remedio pronto!).<\/p>\n<p>Ella me ha dicho que una canci\u00f3n que le trae muy buenos recuerdos y es de sus favoritas es, casualmente, una que tambi\u00e9n lo es para m\u00ed. Es \u00abDel Templo a la Taberna\u00bb de El \u00daltimo de la Fila. Os pongo aqu\u00ed la actuaci\u00f3n en el programa \u00abUn D\u00eda es Un D\u00eda\u00bb de TVE:<\/p>\n<object type=\"application\/x-shockwave-flash\" data=\"http:\/\/www.youtube.com\/v\/G4AlKpK8G6A\" width=\"450\" height=\"370\"><param name=\"movie\" value=\"http:\/\/www.youtube.com\/v\/G4AlKpK8G6A\" \/><param name=\"autostart\" value=\"true\" \/><param name=\"wmode\" value=\"transparent\" \/><\/object><br \/>\n<!-- generated by WordPress plugin Embedded Video -->\n\n<p>La letra:<\/p>\n<p>No queda nada aqu\u00ed<br \/>\npor hacer&#8230; nada;<br \/>\nni nada que ofrecer<br \/>\nque no tengas ya.<\/p>\n<p>En el columpio azul<br \/>\nde tus besos met\u00e1licos<br \/>\nme quiero abandonar<br \/>\ncomo un animal.<br \/>\nCon la piel quemada<br \/>\npor el sol<br \/>\nel salitre y el amor.<\/p>\n<p>Correr y atravesar<br \/>\nmil vidas grises de gente gris.<br \/>\nCorrer y abandonarlo todo.<br \/>\nCorrer y delirar<br \/>\nsiempre a tu lado dulce amor.<br \/>\nLlegar hasta el final de t\u00ed.<\/p>\n<p>Con la mente turbia,<br \/>\nlos sentidos afilados,<br \/>\nmedio locos.<br \/>\nDel templo a la taberna<br \/>\npor entre los vi\u00f1edos<br \/>\ntu nombre gritar\u00e9.<\/p>\n<p>Desde la selva azul<br \/>\nde tu pelo enredado<br \/>\nhasta el vapor de miel<br \/>\nde tu alma al despertar.<\/p>\n<p>Correr y delirar<br \/>\nsiempre a tu lado dulce amor.<br \/>\nCorrer y abandonarlo todo.<br \/>\nCorrer y atravesar<br \/>\nmil vidas grises de gente gris.<br \/>\nLlegar hasta el final de todo.<\/p>\n<p><!--more-->Como os digo, tambi\u00e9n es una de mis favoritas, aparte de por lo que me gusta la canci\u00f3n en s\u00ed, porque es uno de los primeros recuerdos que tengo del grupo. All\u00e1 por el a\u00f1o 90, fecha de salida del disco, TVE emiti\u00f3 un especial por navidades, con un concierto de El Ultimo de la Fila, concretamente el que hicieron en beneficio de Amnist\u00eda Internacional, en el Estadio Olimpico de Montjuic, donde compartieron escenario con Tina Turner. Y uno de esos primeros recuerdos, es ver a Manolo entre el p\u00fablico cantando \u00abDel Templo a la Taberna\u00bb:<\/p>\n<object type=\"application\/x-shockwave-flash\" data=\"http:\/\/www.youtube.com\/v\/OlUyHeYt3h8\" width=\"450\" height=\"370\"><param name=\"movie\" value=\"http:\/\/www.youtube.com\/v\/OlUyHeYt3h8\" \/><param name=\"autostart\" value=\"true\" \/><param name=\"wmode\" value=\"transparent\" \/><\/object><br \/>\n<!-- generated by WordPress plugin Embedded Video -->\n\n","protected":false},"excerpt":{"rendered":"<p>Hace ya unas semanas que tengo \u00abun poco aparcado\u00bb el homenaje a mis amigos que fueron a la obra de teatro, en el mes de septiembre, de la compa\u00f1\u00eda teatral <a href=\"https:\/\/www.fenrique.com\/blog\/2009\/12\/26\/la-cancion-del-finde-87\/\" class=\"more-link\">[&hellip;]<\/a><\/p>\n","protected":false},"author":2,"featured_media":0,"comment_status":"open","ping_status":"open","sticky":false,"template":"","format":"standard","meta":{"_exactmetrics_skip_tracking":false,"_exactmetrics_sitenote_active":false,"_exactmetrics_sitenote_note":"","_exactmetrics_sitenote_category":0,"Layout":"","jetpack_post_was_ever_published":false,"_jetpack_newsletter_access":"","_jetpack_dont_email_post_to_subs":false,"_jetpack_newsletter_tier_id":0,"_jetpack_memberships_contains_paywalled_content":false,"_jetpack_memberships_contains_paid_content":false,"footnotes":"","jetpack_publicize_message":"","jetpack_publicize_feature_enabled":true,"jetpack_social_post_already_shared":false,"jetpack_social_options":{"image_generator_settings":{"template":"highway","default_image_id":0,"font":"","enabled":false},"version":2}},"categories":[7,12,233],"tags":[3114,201,3113,280,3112,3111],"class_list":["entry","author-fenrique","has-more-link","post-1286","post","type-post","status-publish","format-standard","category-fenrique-piensa-que","category-la-cancion-del-finde","category-manolo-garcia","tag-alma-viva-teatro","tag-cancion-del-finde","tag-del-templo-a-la-taberna","tag-el-ultimo-de-la-fila","tag-fuenlabrada","tag-maria-del-mar"],"jetpack_publicize_connections":[],"jetpack_featured_media_url":"","jetpack_shortlink":"https:\/\/wp.me\/p172Ei-kK","jetpack_likes_enabled":true,"jetpack_sharing_enabled":true,"_links":{"self":[{"href":"https:\/\/www.fenrique.com\/blog\/wp-json\/wp\/v2\/posts\/1286","targetHints":{"allow":["GET"]}}],"collection":[{"href":"https:\/\/www.fenrique.com\/blog\/wp-json\/wp\/v2\/posts"}],"about":[{"href":"https:\/\/www.fenrique.com\/blog\/wp-json\/wp\/v2\/types\/post"}],"author":[{"embeddable":true,"href":"https:\/\/www.fenrique.com\/blog\/wp-json\/wp\/v2\/users\/2"}],"replies":[{"embeddable":true,"href":"https:\/\/www.fenrique.com\/blog\/wp-json\/wp\/v2\/comments?post=1286"}],"version-history":[{"count":3,"href":"https:\/\/www.fenrique.com\/blog\/wp-json\/wp\/v2\/posts\/1286\/revisions"}],"predecessor-version":[{"id":1288,"href":"https:\/\/www.fenrique.com\/blog\/wp-json\/wp\/v2\/posts\/1286\/revisions\/1288"}],"wp:attachment":[{"href":"https:\/\/www.fenrique.com\/blog\/wp-json\/wp\/v2\/media?parent=1286"}],"wp:term":[{"taxonomy":"category","embeddable":true,"href":"https:\/\/www.fenrique.com\/blog\/wp-json\/wp\/v2\/categories?post=1286"},{"taxonomy":"post_tag","embeddable":true,"href":"https:\/\/www.fenrique.com\/blog\/wp-json\/wp\/v2\/tags?post=1286"}],"curies":[{"name":"wp","href":"https:\/\/api.w.org\/{rel}","templated":true}]}}