{"id":1127,"date":"2009-11-16T07:24:14","date_gmt":"2009-11-16T06:24:14","guid":{"rendered":"http:\/\/www.fenrique.com\/blog\/?p=1127"},"modified":"2009-11-15T20:45:40","modified_gmt":"2009-11-15T19:45:40","slug":"una-cancion-y-una-foto","status":"publish","type":"post","link":"https:\/\/www.fenrique.com\/blog\/2009\/11\/16\/una-cancion-y-una-foto\/","title":{"rendered":"Una canci\u00f3n y una foto"},"content":{"rendered":"<p style=\"text-align: justify;\">Una secci\u00f3n en el antiguo blog (ya borrado) era la que titula este post, Una canci\u00f3n y una foto. En esa secci\u00f3n pon\u00eda alguna foto que hubiera hecho recientemente y la \u00abamenizaba\u00bb con alguna canci\u00f3n que me pareciera \u00aboportuna\u00bb para dicha imagen.<\/p>\n<p style=\"text-align: justify;\">No es que vaya ahora a retomar esa secci\u00f3n, ya que para canciones est\u00e1 \u00abLa Canci\u00f3n del Finde\u00bb y #MusicMonday en twitter, pero s\u00ed que voy a poner ahora una foto que hice ya algunos meses y que, como me gusta tanto, la comparto con vosotros.<\/p>\n<p style=\"text-align: justify;\">La tom\u00e9 concretamente el 19 de julio, en la casa de mi abuelo Enrique (Calle Cura de Ribera del Fresno), una casa-palacio del siglo XIX (creo, Juanfran lo sabr\u00e1 mejor que yo) donde se amontonan innumerables objetos que bien podr\u00edan estar en un museo.<\/p>\n<p style=\"text-align: justify;\">Uno de esos objetos es una l\u00e1mpara de pared, con su correspondiente bombilla que, al hacer la foto, mostr\u00f3 un interesante juego de luces (para eso los fot\u00f3grafos lo podr\u00e1n decir, tambi\u00e9n, mejor).<\/p>\n<p style=\"text-align: justify;\">Esta es la foto, con las caracter\u00edsticas t\u00e9cnicas de la c\u00e1mara:<\/p>\n<p style=\"text-align: justify;\"><img loading=\"lazy\" decoding=\"async\" class=\"alignnone\" title=\"lampara de pared\" src=\"http:\/\/fenrique.com\/images\/wbgallery\/l\/2009_10\/125700547652482.jpeg\" alt=\"\" width=\"379\" height=\"853\" \/><\/p>\n<table id=\"Inbox\" style=\"height: 146px; text-align: justify;\" border=\"0\" cellspacing=\"0\" width=\"500\">\n<tbody>\n<tr>\n<td style=\"font-size: 120%;\" width=\"30%\">C\u00e1mara:<\/td>\n<td style=\"font-size: 120%;\"><a href=\"http:\/\/www.flickr.com\/cameras\/ricoh\/caplio_r7\/\" target=\"_blank\">Ricoh Caplio R7<\/a><\/td>\n<\/tr>\n<tr>\n<td style=\"font-size: 120%;\" width=\"30%\">Exposici\u00f3n:<\/td>\n<td style=\"font-size: 120%;\">0,029 sec (1\/34)<\/td>\n<\/tr>\n<tr>\n<td style=\"font-size: 120%;\" width=\"30%\">Aperture:<\/td>\n<td style=\"font-size: 120%;\">f\/3.6<\/td>\n<\/tr>\n<tr>\n<td style=\"font-size: 120%;\" width=\"30%\">Lente:<\/td>\n<td style=\"font-size: 120%;\">5.4 mm<\/td>\n<\/tr>\n<tr>\n<td>Velocidad ISO:<\/td>\n<td>135<\/td>\n<\/tr>\n<tr>\n<td>Tendencia de exposici\u00f3n:<\/td>\n<td>-1 EV<\/td>\n<\/tr>\n<\/tbody>\n<\/table>\n<p style=\"text-align: justify;\">Espero que os guste tanto como a m\u00ed, y aunque seguramente ponga m\u00e1s fotos de ese d\u00eda, las pod\u00e9is ver en la <a href=\"http:\/\/www.flickr.com\/photos\/fenrique\/sets\/72157621628018649\/\" target=\"_blank\"><span style=\"text-decoration: underline;\">galer\u00eda-album de flickr<\/span><\/a><\/p>\n<p style=\"text-align: justify;\">Ahm, y para cumplir con el t\u00edtulo del post, la canci\u00f3n es la famos\u00edsima versi\u00f3n de Astor Piazzola del cl\u00e1sico de Carlos Gardel, Por una cabeza:<\/p>\n<p style=\"text-align: justify;\"><object type=\"application\/x-shockwave-flash\" data=\"http:\/\/www.youtube.com\/v\/wkxiWnW1-o0\" width=\"450\" height=\"370\"><param name=\"movie\" value=\"http:\/\/www.youtube.com\/v\/wkxiWnW1-o0\" \/><param name=\"autostart\" value=\"true\" \/><param name=\"wmode\" value=\"transparent\" \/><\/object><br \/>\n<!-- generated by WordPress plugin Embedded Video -->\n<\/p>\n<p style=\"text-align: justify;\">Enlace <a href=\"http:\/\/open.spotify.com\/track\/1y9pgT9oUW4HyyzF0jwsxt\" target=\"_blank\">spotify<\/a><\/p>\n","protected":false},"excerpt":{"rendered":"<p>Una secci\u00f3n en el antiguo blog (ya borrado) era la que titula este post, Una canci\u00f3n y una foto. En esa secci\u00f3n pon\u00eda alguna foto que hubiera hecho recientemente y <a href=\"https:\/\/www.fenrique.com\/blog\/2009\/11\/16\/una-cancion-y-una-foto\/\" class=\"more-link\">[&hellip;]<\/a><\/p>\n","protected":false},"author":2,"featured_media":0,"comment_status":"open","ping_status":"open","sticky":false,"template":"","format":"standard","meta":{"_exactmetrics_skip_tracking":false,"_exactmetrics_sitenote_active":false,"_exactmetrics_sitenote_note":"","_exactmetrics_sitenote_category":0,"Layout":"","jetpack_post_was_ever_published":false,"_jetpack_newsletter_access":"","_jetpack_dont_email_post_to_subs":false,"_jetpack_newsletter_tier_id":0,"_jetpack_memberships_contains_paywalled_content":false,"_jetpack_memberships_contains_paid_content":false,"footnotes":"","jetpack_publicize_message":"","jetpack_publicize_feature_enabled":true,"jetpack_social_post_already_shared":false,"jetpack_social_options":{"image_generator_settings":{"template":"highway","default_image_id":0,"font":"","enabled":false},"version":2}},"categories":[3,5,79],"tags":[2980,2979,1367,4743],"class_list":["entry","author-fenrique","post-1127","post","type-post","status-publish","format-standard","category-expofoto","category-personal-y-transferible","category-ribera-del-fresno","tag-abuelo","tag-casa","tag-foto","tag-ribera-del-fresno"],"jetpack_publicize_connections":[],"jetpack_featured_media_url":"","jetpack_shortlink":"https:\/\/wp.me\/p172Ei-ib","jetpack_likes_enabled":true,"jetpack_sharing_enabled":true,"_links":{"self":[{"href":"https:\/\/www.fenrique.com\/blog\/wp-json\/wp\/v2\/posts\/1127","targetHints":{"allow":["GET"]}}],"collection":[{"href":"https:\/\/www.fenrique.com\/blog\/wp-json\/wp\/v2\/posts"}],"about":[{"href":"https:\/\/www.fenrique.com\/blog\/wp-json\/wp\/v2\/types\/post"}],"author":[{"embeddable":true,"href":"https:\/\/www.fenrique.com\/blog\/wp-json\/wp\/v2\/users\/2"}],"replies":[{"embeddable":true,"href":"https:\/\/www.fenrique.com\/blog\/wp-json\/wp\/v2\/comments?post=1127"}],"version-history":[{"count":4,"href":"https:\/\/www.fenrique.com\/blog\/wp-json\/wp\/v2\/posts\/1127\/revisions"}],"predecessor-version":[{"id":1129,"href":"https:\/\/www.fenrique.com\/blog\/wp-json\/wp\/v2\/posts\/1127\/revisions\/1129"}],"wp:attachment":[{"href":"https:\/\/www.fenrique.com\/blog\/wp-json\/wp\/v2\/media?parent=1127"}],"wp:term":[{"taxonomy":"category","embeddable":true,"href":"https:\/\/www.fenrique.com\/blog\/wp-json\/wp\/v2\/categories?post=1127"},{"taxonomy":"post_tag","embeddable":true,"href":"https:\/\/www.fenrique.com\/blog\/wp-json\/wp\/v2\/tags?post=1127"}],"curies":[{"name":"wp","href":"https:\/\/api.w.org\/{rel}","templated":true}]}}